{"id":3289,"date":"2023-06-16T19:05:17","date_gmt":"2023-06-16T17:05:17","guid":{"rendered":"https:\/\/agora.xtec.cat\/escolaeuropa\/?p=3289"},"modified":"2023-06-23T11:54:43","modified_gmt":"2023-06-23T09:54:43","slug":"educacio-fisica-en-familia","status":"publish","type":"post","link":"https:\/\/agora.xtec.cat\/escolaeuropa\/portada\/educacio-fisica-en-familia\/","title":{"rendered":"Educaci\u00f3 F\u00edsica en Fam\u00edlia"},"content":{"rendered":"<p><a href=\"https:\/\/agora.xtec.cat\/escolaeuropa\/wp-content\/uploads\/usu2148\/2023\/06\/EF-en-FAMILIA-99-\u00d7-38.1-mm.png\"><img loading=\"lazy\" decoding=\"async\" class=\"wp-image-3290 size-medium aligncenter\" src=\"https:\/\/agora.xtec.cat\/escolaeuropa\/wp-content\/uploads\/usu2148\/2023\/06\/EF-en-FAMILIA-99-\u00d7-38.1-mm-300x115.png\" alt=\"\" width=\"300\" height=\"115\" srcset=\"https:\/\/agora.xtec.cat\/escolaeuropa\/wp-content\/uploads\/usu2148\/2023\/06\/EF-en-FAMILIA-99-\u00d7-38.1-mm-300x115.png 300w, https:\/\/agora.xtec.cat\/escolaeuropa\/wp-content\/uploads\/usu2148\/2023\/06\/EF-en-FAMILIA-99-\u00d7-38.1-mm-1024x394.png 1024w, https:\/\/agora.xtec.cat\/escolaeuropa\/wp-content\/uploads\/usu2148\/2023\/06\/EF-en-FAMILIA-99-\u00d7-38.1-mm-768x296.png 768w, https:\/\/agora.xtec.cat\/escolaeuropa\/wp-content\/uploads\/usu2148\/2023\/06\/EF-en-FAMILIA-99-\u00d7-38.1-mm.png 1169w\" sizes=\"auto, (max-width: 300px) 100vw, 300px\" \/><\/a>Enguany hem volgut inaugurar la primera edici\u00f3 de <strong>L\u2019EDUCACI\u00d3 F\u00cdSICA EN FAM\u00cdLIA.<\/strong><\/p>\n<p>Alumnat de segon de prim\u00e0ria i les seves fam\u00edlies han gaudit conjuntament de la realitzaci\u00f3 d&#8217;algunes activitats treballades a educaci\u00f3 f\u00edsica al llarg del curs.<\/p>\n<p>Els objectius de l&#8217;activitat han sigut:<\/p>\n<ul>\n<li>Proporcionar un espai d&#8217;interacci\u00f3 i aprenentatge, on fam\u00edlies i alumnes puguin gaudir junts de la pr\u00e0ctica d&#8217;activitat f\u00edsica.<\/li>\n<li>Enfortir els lligams de la comunitat educativa:\u00a0alumnes, fam\u00edlies i escola.<\/li>\n<li>Brindar oportunitats per a que els pares coneguin el canvi de paradigma de l&#8217;educaci\u00f3 f\u00edsica actual.<\/li>\n<li>Millorar la confian\u00e7a i l&#8217;autoestima dels estudiants al participar activament en les activitats f\u00edsiques amb els seus familiars.<\/li>\n<\/ul>\n<p>Ens ho hem passat molt b\u00e9 tots junts!<\/p>\n<p>Gr\u00e0cies a tothom per la vostra participaci\u00f3!<\/p>\n<p><a href=\"https:\/\/agora.xtec.cat\/escolaeuropa\/wp-content\/uploads\/usu2148\/2023\/06\/IMG_1619.jpg\"><img loading=\"lazy\" decoding=\"async\" class=\"alignnone wp-image-3298 size-medium aligncenter\" src=\"https:\/\/agora.xtec.cat\/escolaeuropa\/wp-content\/uploads\/usu2148\/2023\/06\/IMG_1619-300x225.jpg\" alt=\"\" width=\"300\" height=\"225\" srcset=\"https:\/\/agora.xtec.cat\/escolaeuropa\/wp-content\/uploads\/usu2148\/2023\/06\/IMG_1619-300x225.jpg 300w, https:\/\/agora.xtec.cat\/escolaeuropa\/wp-content\/uploads\/usu2148\/2023\/06\/IMG_1619-1024x768.jpg 1024w, https:\/\/agora.xtec.cat\/escolaeuropa\/wp-content\/uploads\/usu2148\/2023\/06\/IMG_1619-768x576.jpg 768w, https:\/\/agora.xtec.cat\/escolaeuropa\/wp-content\/uploads\/usu2148\/2023\/06\/IMG_1619-1536x1151.jpg 1536w, https:\/\/agora.xtec.cat\/escolaeuropa\/wp-content\/uploads\/usu2148\/2023\/06\/IMG_1619-2048x1535.jpg 2048w, https:\/\/agora.xtec.cat\/escolaeuropa\/wp-content\/uploads\/usu2148\/2023\/06\/IMG_1619-200x150.jpg 200w\" sizes=\"auto, (max-width: 300px) 100vw, 300px\" \/><\/a><\/p>\n<p><a href=\"https:\/\/agora.xtec.cat\/escolaeuropa\/wp-content\/uploads\/usu2148\/2023\/06\/PHOTO-2023-06-15-14-03-39.jpg\"><img loading=\"lazy\" decoding=\"async\" class=\"alignnone wp-image-3296 size-medium aligncenter\" src=\"https:\/\/agora.xtec.cat\/escolaeuropa\/wp-content\/uploads\/usu2148\/2023\/06\/PHOTO-2023-06-15-14-03-39-300x224.jpg\" alt=\"\" width=\"300\" height=\"224\" srcset=\"https:\/\/agora.xtec.cat\/escolaeuropa\/wp-content\/uploads\/usu2148\/2023\/06\/PHOTO-2023-06-15-14-03-39-300x224.jpg 300w, https:\/\/agora.xtec.cat\/escolaeuropa\/wp-content\/uploads\/usu2148\/2023\/06\/PHOTO-2023-06-15-14-03-39-1024x765.jpg 1024w, https:\/\/agora.xtec.cat\/escolaeuropa\/wp-content\/uploads\/usu2148\/2023\/06\/PHOTO-2023-06-15-14-03-39-768x574.jpg 768w, https:\/\/agora.xtec.cat\/escolaeuropa\/wp-content\/uploads\/usu2148\/2023\/06\/PHOTO-2023-06-15-14-03-39-1536x1148.jpg 1536w, https:\/\/agora.xtec.cat\/escolaeuropa\/wp-content\/uploads\/usu2148\/2023\/06\/PHOTO-2023-06-15-14-03-39-200x150.jpg 200w, https:\/\/agora.xtec.cat\/escolaeuropa\/wp-content\/uploads\/usu2148\/2023\/06\/PHOTO-2023-06-15-14-03-39.jpg 1600w\" sizes=\"auto, (max-width: 300px) 100vw, 300px\" \/><\/a><a href=\"https:\/\/agora.xtec.cat\/escolaeuropa\/wp-content\/uploads\/usu2148\/2023\/06\/IMG_1680-scaled.jpg\"><img loading=\"lazy\" decoding=\"async\" class=\"alignnone wp-image-3299 size-medium aligncenter\" src=\"https:\/\/agora.xtec.cat\/escolaeuropa\/wp-content\/uploads\/usu2148\/2023\/06\/IMG_1680-300x225.jpg\" alt=\"\" width=\"300\" height=\"225\" srcset=\"https:\/\/agora.xtec.cat\/escolaeuropa\/wp-content\/uploads\/usu2148\/2023\/06\/IMG_1680-300x225.jpg 300w, https:\/\/agora.xtec.cat\/escolaeuropa\/wp-content\/uploads\/usu2148\/2023\/06\/IMG_1680-1024x768.jpg 1024w, https:\/\/agora.xtec.cat\/escolaeuropa\/wp-content\/uploads\/usu2148\/2023\/06\/IMG_1680-768x576.jpg 768w, https:\/\/agora.xtec.cat\/escolaeuropa\/wp-content\/uploads\/usu2148\/2023\/06\/IMG_1680-1536x1152.jpg 1536w, https:\/\/agora.xtec.cat\/escolaeuropa\/wp-content\/uploads\/usu2148\/2023\/06\/IMG_1680-2048x1536.jpg 2048w, https:\/\/agora.xtec.cat\/escolaeuropa\/wp-content\/uploads\/usu2148\/2023\/06\/IMG_1680-200x150.jpg 200w\" sizes=\"auto, (max-width: 300px) 100vw, 300px\" \/><\/a><a href=\"https:\/\/agora.xtec.cat\/escolaeuropa\/wp-content\/uploads\/usu2148\/2023\/06\/PHOTO-2023-06-16-13-28-17.jpg\"><img loading=\"lazy\" decoding=\"async\" class=\"alignnone wp-image-3297 size-medium aligncenter\" src=\"https:\/\/agora.xtec.cat\/escolaeuropa\/wp-content\/uploads\/usu2148\/2023\/06\/PHOTO-2023-06-16-13-28-17-300x168.jpg\" alt=\"\" width=\"300\" height=\"168\" srcset=\"https:\/\/agora.xtec.cat\/escolaeuropa\/wp-content\/uploads\/usu2148\/2023\/06\/PHOTO-2023-06-16-13-28-17-300x168.jpg 300w, https:\/\/agora.xtec.cat\/escolaeuropa\/wp-content\/uploads\/usu2148\/2023\/06\/PHOTO-2023-06-16-13-28-17-1024x573.jpg 1024w, https:\/\/agora.xtec.cat\/escolaeuropa\/wp-content\/uploads\/usu2148\/2023\/06\/PHOTO-2023-06-16-13-28-17-768x430.jpg 768w, https:\/\/agora.xtec.cat\/escolaeuropa\/wp-content\/uploads\/usu2148\/2023\/06\/PHOTO-2023-06-16-13-28-17-1536x860.jpg 1536w, https:\/\/agora.xtec.cat\/escolaeuropa\/wp-content\/uploads\/usu2148\/2023\/06\/PHOTO-2023-06-16-13-28-17.jpg 1653w\" sizes=\"auto, (max-width: 300px) 100vw, 300px\" \/><\/a><\/p>\n","protected":false},"excerpt":{"rendered":"<p>Enguany hem volgut inaugurar la primera edici\u00f3 de L\u2019EDUCACI\u00d3 F\u00cdSICA EN FAM\u00cdLIA. Alumnat de segon de prim\u00e0ria i les seves fam\u00edlies han gaudit conjuntament de la realitzaci\u00f3 d&#8217;algunes activitats treballades a educaci\u00f3 f\u00edsica al llarg del curs. Els objectius de l&#8217;activitat han sigut: Proporcionar un espai d&#8217;interacci\u00f3 i aprenentatge, on fam\u00edlies i alumnes puguin gaudir [&hellip;]<\/p>\n","protected":false},"author":46,"featured_media":0,"comment_status":"open","ping_status":"closed","sticky":false,"template":"","format":"standard","meta":{"_bbp_topic_count":0,"_bbp_reply_count":0,"_bbp_total_topic_count":0,"_bbp_total_reply_count":0,"_bbp_voice_count":0,"_bbp_anonymous_reply_count":0,"_bbp_topic_count_hidden":0,"_bbp_reply_count_hidden":0,"_bbp_forum_subforum_count":0,"site-sidebar-layout":"default","site-content-layout":"","ast-site-content-layout":"","site-content-style":"default","site-sidebar-style":"default","ast-global-header-display":"","ast-banner-title-visibility":"","ast-main-header-display":"","ast-hfb-above-header-display":"","ast-hfb-below-header-display":"","ast-hfb-mobile-header-display":"","site-post-title":"","ast-breadcrumbs-content":"","ast-featured-img":"","footer-sml-layout":"","theme-transparent-header-meta":"","adv-header-id-meta":"","stick-header-meta":"","header-above-stick-meta":"","header-main-stick-meta":"","header-below-stick-meta":"","astra-migrate-meta-layouts":"default","ast-page-background-enabled":"default","ast-page-background-meta":{"desktop":{"background-color":"var(--ast-global-color-4)","background-image":"","background-repeat":"repeat","background-position":"center center","background-size":"auto","background-attachment":"scroll","background-type":"","background-media":"","overlay-type":"","overlay-color":"","overlay-opacity":"","overlay-gradient":""},"tablet":{"background-color":"","background-image":"","background-repeat":"repeat","background-position":"center center","background-size":"auto","background-attachment":"scroll","background-type":"","background-media":"","overlay-type":"","overlay-color":"","overlay-opacity":"","overlay-gradient":""},"mobile":{"background-color":"","background-image":"","background-repeat":"repeat","background-position":"center center","background-size":"auto","background-attachment":"scroll","background-type":"","background-media":"","overlay-type":"","overlay-color":"","overlay-opacity":"","overlay-gradient":""}},"ast-content-background-meta":{"desktop":{"background-color":"var(--ast-global-color-5)","background-image":"","background-repeat":"repeat","background-position":"center center","background-size":"auto","background-attachment":"scroll","background-type":"","background-media":"","overlay-type":"","overlay-color":"","overlay-opacity":"","overlay-gradient":""},"tablet":{"background-color":"var(--ast-global-color-5)","background-image":"","background-repeat":"repeat","background-position":"center center","background-size":"auto","background-attachment":"scroll","background-type":"","background-media":"","overlay-type":"","overlay-color":"","overlay-opacity":"","overlay-gradient":""},"mobile":{"background-color":"var(--ast-global-color-5)","background-image":"","background-repeat":"repeat","background-position":"center center","background-size":"auto","background-attachment":"scroll","background-type":"","background-media":"","overlay-type":"","overlay-color":"","overlay-opacity":"","overlay-gradient":""}},"footnotes":""},"categories":[9,64,4],"tags":[],"class_list":["post-3289","post","type-post","status-publish","format-standard","hentry","category-5e","category-ef","category-portada"],"post_mailing_queue_ids":[],"_links":{"self":[{"href":"https:\/\/agora.xtec.cat\/escolaeuropa\/wp-json\/wp\/v2\/posts\/3289","targetHints":{"allow":["GET"]}}],"collection":[{"href":"https:\/\/agora.xtec.cat\/escolaeuropa\/wp-json\/wp\/v2\/posts"}],"about":[{"href":"https:\/\/agora.xtec.cat\/escolaeuropa\/wp-json\/wp\/v2\/types\/post"}],"author":[{"embeddable":true,"href":"https:\/\/agora.xtec.cat\/escolaeuropa\/wp-json\/wp\/v2\/users\/46"}],"replies":[{"embeddable":true,"href":"https:\/\/agora.xtec.cat\/escolaeuropa\/wp-json\/wp\/v2\/comments?post=3289"}],"version-history":[{"count":2,"href":"https:\/\/agora.xtec.cat\/escolaeuropa\/wp-json\/wp\/v2\/posts\/3289\/revisions"}],"predecessor-version":[{"id":3300,"href":"https:\/\/agora.xtec.cat\/escolaeuropa\/wp-json\/wp\/v2\/posts\/3289\/revisions\/3300"}],"wp:attachment":[{"href":"https:\/\/agora.xtec.cat\/escolaeuropa\/wp-json\/wp\/v2\/media?parent=3289"}],"wp:term":[{"taxonomy":"category","embeddable":true,"href":"https:\/\/agora.xtec.cat\/escolaeuropa\/wp-json\/wp\/v2\/categories?post=3289"},{"taxonomy":"post_tag","embeddable":true,"href":"https:\/\/agora.xtec.cat\/escolaeuropa\/wp-json\/wp\/v2\/tags?post=3289"}],"curies":[{"name":"wp","href":"https:\/\/api.w.org\/{rel}","templated":true}]}}