{"id":820,"date":"2020-01-24T11:56:09","date_gmt":"2020-01-24T10:56:09","guid":{"rendered":"https:\/\/agora.xtec.cat\/escolaestevebarrachina\/?p=820"},"modified":"2020-01-24T11:56:52","modified_gmt":"2020-01-24T10:56:52","slug":"escoles-inclusives-del-garraf","status":"publish","type":"post","link":"https:\/\/agora.xtec.cat\/escolaestevebarrachina\/general\/escoles-inclusives-del-garraf\/","title":{"rendered":"Escoles inclusives del Garraf"},"content":{"rendered":"<p><iframe loading=\"lazy\" width=\"560\" height=\"315\" src=\"https:\/\/www.youtube.com\/embed\/wx3Mo0RpeBg\" frameborder=\"0\" allow=\"accelerometer; autoplay; encrypted-media; gyroscope; picture-in-picture\" allowfullscreen><\/iframe><\/p>\n<p>Volem compartir amb vosaltres el neguit de les escoles del Garraf per una escola\u00a0<strong>#realmentinclusiva.<\/strong><\/p>\n<p>Les direccions i les associacions de fam\u00edlies de la comarca s&#8217;han unit per a reivindicar una escola inclusiva de veritat i de qualitat, tal com mana el decret d&#8217;inclusi\u00f3 de 2017.<\/p>\n<p>La manca de pressupostos i el fen\u00f2men de la matr\u00edcula viva provoquen que les r\u00e0tios se sobrepassin i les escoles es trobin mancades de recursos per a poder atendre la diversitat de l&#8217;alumnat com realment es mereix.<\/p>\n<p>Us demanem que en feu difusi\u00f3 per tal de donar a con\u00e8ixer un problema que tots plegats hem estat patint durant massa temps.<\/p>\n<p>Aquest v\u00eddeo s&#8217;ha fet arribar tamb\u00e9 a la directora general dels Serveis Territorials i estem a l&#8217;espera de resposta per part seva.<\/p>\n","protected":false},"excerpt":{"rendered":"<p>Volem compartir amb vosaltres el neguit de les escoles del Garraf per una escola\u00a0#realmentinclusiva.<br \/>\nLes direccions i les associacions de fam\u00edlies de la comarca s&#8217;han unit per a reivindicar una escola inclusiva de veritat i de qualitat, tal com mana el decret d&#8217;inclusi\u00f3 de 2017.<br \/>\nLa manca&hellip;  <a href=\"https:\/\/agora.xtec.cat\/escolaestevebarrachina\/general\/escoles-inclusives-del-garraf\/\" title=\"Read Escoles inclusives del Garraf\">Llegeix m\u00e9s\u00bb<\/a><\/p>\n","protected":false},"author":1,"featured_media":821,"comment_status":"open","ping_status":"closed","sticky":false,"template":"","format":"standard","meta":{"_bbp_topic_count":0,"_bbp_reply_count":0,"_bbp_total_topic_count":0,"_bbp_total_reply_count":0,"_bbp_voice_count":0,"_bbp_anonymous_reply_count":0,"_bbp_topic_count_hidden":0,"_bbp_reply_count_hidden":0,"_bbp_forum_subforum_count":0,"footnotes":""},"categories":[5,1,4],"tags":[77,83,82],"class_list":["post-820","post","type-post","status-publish","format-standard","has-post-thumbnail","hentry","category-escola","category-general","category-portada","tag-escola","tag-escolainclusiva","tag-inclusiu"],"post_mailing_queue_ids":[],"_links":{"self":[{"href":"https:\/\/agora.xtec.cat\/escolaestevebarrachina\/wp-json\/wp\/v2\/posts\/820","targetHints":{"allow":["GET"]}}],"collection":[{"href":"https:\/\/agora.xtec.cat\/escolaestevebarrachina\/wp-json\/wp\/v2\/posts"}],"about":[{"href":"https:\/\/agora.xtec.cat\/escolaestevebarrachina\/wp-json\/wp\/v2\/types\/post"}],"author":[{"embeddable":true,"href":"https:\/\/agora.xtec.cat\/escolaestevebarrachina\/wp-json\/wp\/v2\/users\/1"}],"replies":[{"embeddable":true,"href":"https:\/\/agora.xtec.cat\/escolaestevebarrachina\/wp-json\/wp\/v2\/comments?post=820"}],"version-history":[{"count":2,"href":"https:\/\/agora.xtec.cat\/escolaestevebarrachina\/wp-json\/wp\/v2\/posts\/820\/revisions"}],"predecessor-version":[{"id":832,"href":"https:\/\/agora.xtec.cat\/escolaestevebarrachina\/wp-json\/wp\/v2\/posts\/820\/revisions\/832"}],"wp:featuredmedia":[{"embeddable":true,"href":"https:\/\/agora.xtec.cat\/escolaestevebarrachina\/wp-json\/wp\/v2\/media\/821"}],"wp:attachment":[{"href":"https:\/\/agora.xtec.cat\/escolaestevebarrachina\/wp-json\/wp\/v2\/media?parent=820"}],"wp:term":[{"taxonomy":"category","embeddable":true,"href":"https:\/\/agora.xtec.cat\/escolaestevebarrachina\/wp-json\/wp\/v2\/categories?post=820"},{"taxonomy":"post_tag","embeddable":true,"href":"https:\/\/agora.xtec.cat\/escolaestevebarrachina\/wp-json\/wp\/v2\/tags?post=820"}],"curies":[{"name":"wp","href":"https:\/\/api.w.org\/{rel}","templated":true}]}}