{"id":768,"date":"2019-11-18T13:20:04","date_gmt":"2019-11-18T12:20:04","guid":{"rendered":"https:\/\/agora.xtec.cat\/escolaestevebarrachina\/?p=768"},"modified":"2019-11-18T13:20:34","modified_gmt":"2019-11-18T12:20:34","slug":"donant-sang-dones-vides","status":"publish","type":"post","link":"https:\/\/agora.xtec.cat\/escolaestevebarrachina\/general\/donant-sang-dones-vides\/","title":{"rendered":"DONANT SANG, D\u00d3NES VIDES!"},"content":{"rendered":"<p><a href=\"https:\/\/agora.xtec.cat\/escolaestevebarrachina\/wp-content\/uploads\/usu1360\/2019\/11\/Cartell-donaci\u00f3-sang.jpg\"><img loading=\"lazy\" decoding=\"async\" class=\"size-full wp-image-769 aligncenter\" src=\"https:\/\/agora.xtec.cat\/escolaestevebarrachina\/wp-content\/uploads\/usu1360\/2019\/11\/Cartell-donaci\u00f3-sang.jpg\" alt=\"\" width=\"800\" height=\"1132\" srcset=\"https:\/\/agora.xtec.cat\/escolaestevebarrachina\/wp-content\/uploads\/usu1360\/2019\/11\/Cartell-donaci\u00f3-sang.jpg 800w, https:\/\/agora.xtec.cat\/escolaestevebarrachina\/wp-content\/uploads\/usu1360\/2019\/11\/Cartell-donaci\u00f3-sang-212x300.jpg 212w, https:\/\/agora.xtec.cat\/escolaestevebarrachina\/wp-content\/uploads\/usu1360\/2019\/11\/Cartell-donaci\u00f3-sang-768x1087.jpg 768w, https:\/\/agora.xtec.cat\/escolaestevebarrachina\/wp-content\/uploads\/usu1360\/2019\/11\/Cartell-donaci\u00f3-sang-724x1024.jpg 724w\" sizes=\"auto, (max-width: 800px) 100vw, 800px\" \/><\/a>JA LA TENIM AQU\u00cd! La campanya de donaci\u00f3 de sang que organitzen els alumnes de 6\u00e8 de l&#8217;Esteve Barrachina!<\/p>\n<p>Reserveu-vos la data: <strong>dilluns 2 de desembre de 2019.<\/strong><\/p>\n<p>DONANT SANG, D\u00d3NES VIDES!<\/p>\n","protected":false},"excerpt":{"rendered":"<p><a href=\"https:\/\/agora.xtec.cat\/escolaestevebarrachina\/wp-content\/uploads\/usu1360\/2019\/11\/Cartell-donaci\u00f3-sang.jpg\"><\/a>JA LA TENIM AQU\u00cd! La campanya de donaci\u00f3 de sang que organitzen els alumnes de 6\u00e8 de l&#8217;Esteve Barrachina!<br \/>\nReserveu-vos la data: dilluns 2 de desembre de 2019.<br \/>\nDONANT SANG, D\u00d3NES VIDES!<\/p>\n","protected":false},"author":1,"featured_media":770,"comment_status":"open","ping_status":"closed","sticky":false,"template":"","format":"standard","meta":{"_bbp_topic_count":0,"_bbp_reply_count":0,"_bbp_total_topic_count":0,"_bbp_total_reply_count":0,"_bbp_voice_count":0,"_bbp_anonymous_reply_count":0,"_bbp_topic_count_hidden":0,"_bbp_reply_count_hidden":0,"_bbp_forum_subforum_count":0,"footnotes":""},"categories":[5,1,4],"tags":[81,79,77,78,80],"class_list":["post-768","post","type-post","status-publish","format-standard","has-post-thumbnail","hentry","category-escola","category-general","category-portada","tag-campanya","tag-donacio","tag-escola","tag-projecte","tag-sang"],"post_mailing_queue_ids":[],"_links":{"self":[{"href":"https:\/\/agora.xtec.cat\/escolaestevebarrachina\/wp-json\/wp\/v2\/posts\/768","targetHints":{"allow":["GET"]}}],"collection":[{"href":"https:\/\/agora.xtec.cat\/escolaestevebarrachina\/wp-json\/wp\/v2\/posts"}],"about":[{"href":"https:\/\/agora.xtec.cat\/escolaestevebarrachina\/wp-json\/wp\/v2\/types\/post"}],"author":[{"embeddable":true,"href":"https:\/\/agora.xtec.cat\/escolaestevebarrachina\/wp-json\/wp\/v2\/users\/1"}],"replies":[{"embeddable":true,"href":"https:\/\/agora.xtec.cat\/escolaestevebarrachina\/wp-json\/wp\/v2\/comments?post=768"}],"version-history":[{"count":1,"href":"https:\/\/agora.xtec.cat\/escolaestevebarrachina\/wp-json\/wp\/v2\/posts\/768\/revisions"}],"predecessor-version":[{"id":771,"href":"https:\/\/agora.xtec.cat\/escolaestevebarrachina\/wp-json\/wp\/v2\/posts\/768\/revisions\/771"}],"wp:featuredmedia":[{"embeddable":true,"href":"https:\/\/agora.xtec.cat\/escolaestevebarrachina\/wp-json\/wp\/v2\/media\/770"}],"wp:attachment":[{"href":"https:\/\/agora.xtec.cat\/escolaestevebarrachina\/wp-json\/wp\/v2\/media?parent=768"}],"wp:term":[{"taxonomy":"category","embeddable":true,"href":"https:\/\/agora.xtec.cat\/escolaestevebarrachina\/wp-json\/wp\/v2\/categories?post=768"},{"taxonomy":"post_tag","embeddable":true,"href":"https:\/\/agora.xtec.cat\/escolaestevebarrachina\/wp-json\/wp\/v2\/tags?post=768"}],"curies":[{"name":"wp","href":"https:\/\/api.w.org\/{rel}","templated":true}]}}