{"id":697,"date":"2013-02-20T21:08:31","date_gmt":"2013-02-20T21:08:31","guid":{"rendered":"http:\/\/blocs.xtec.cat\/ceipbarrachina\/?p=697"},"modified":"2013-02-20T21:08:31","modified_gmt":"2013-02-20T21:08:31","slug":"jornada-de-portes-obertes","status":"publish","type":"post","link":"https:\/\/agora.xtec.cat\/escolaestevebarrachina\/blog\/jornada-de-portes-obertes\/","title":{"rendered":"Jornada de portes obertes"},"content":{"rendered":"<p><img decoding=\"async\" alt=\"PORTES OBERTES\" src=\"http:\/\/blocs.xtec.cat\/ceipcesaraugust\/files\/2012\/02\/Portes_Obertes.jpg\" \/><\/p>\n<p>Aquest dissabte, 23 de febrer, tornem a fer xocolatada, aquesta gratu\u00efta i amb motiu de la Jornada de Portes Obertes de l&#8217;Escola. Mentre les fam\u00edlies visiten el centre, farem molts tallers per mostrar les extraescolars que fem a l&#8217;escola. Hi haur\u00e0 exhibici\u00f3 de batuka i de m\u00fasica a les 11:30h, classe oberta de ioga per a fam\u00edlies a partir de les 11h, taller de pintura, costura, angl\u00e8s i un munt de jocs i activitats per als nens. Us hi esperem!<\/p>\n","protected":false},"excerpt":{"rendered":"<p>Aquest dissabte, 23 de febrer, tornem a fer xocolatada, aquesta gratu\u00efta i amb motiu de la Jornada de Portes Obertes de l&#8217;Escola. Mentre les fam\u00edlies visiten el centre, farem molts tallers per mostrar les extraescolars que fem a l&#8217;escola. Hi haur\u00e0 exhibici\u00f3 de batuka i&hellip;  <a href=\"https:\/\/agora.xtec.cat\/escolaestevebarrachina\/blog\/jornada-de-portes-obertes\/\" title=\"Read Jornada de portes obertes\">Llegeix m\u00e9s\u00bb<\/a><\/p>\n","protected":false},"author":1,"featured_media":2209,"comment_status":"open","ping_status":"closed","sticky":false,"template":"","format":"standard","meta":{"_bbp_topic_count":0,"_bbp_reply_count":0,"_bbp_total_topic_count":0,"_bbp_total_reply_count":0,"_bbp_voice_count":0,"_bbp_anonymous_reply_count":0,"_bbp_topic_count_hidden":0,"_bbp_reply_count_hidden":0,"_bbp_forum_subforum_count":0,"footnotes":""},"categories":[86],"tags":[],"class_list":["post-697","post","type-post","status-publish","format-standard","has-post-thumbnail","hentry","category-blog"],"post_mailing_queue_ids":[],"_links":{"self":[{"href":"https:\/\/agora.xtec.cat\/escolaestevebarrachina\/wp-json\/wp\/v2\/posts\/697","targetHints":{"allow":["GET"]}}],"collection":[{"href":"https:\/\/agora.xtec.cat\/escolaestevebarrachina\/wp-json\/wp\/v2\/posts"}],"about":[{"href":"https:\/\/agora.xtec.cat\/escolaestevebarrachina\/wp-json\/wp\/v2\/types\/post"}],"author":[{"embeddable":true,"href":"https:\/\/agora.xtec.cat\/escolaestevebarrachina\/wp-json\/wp\/v2\/users\/1"}],"replies":[{"embeddable":true,"href":"https:\/\/agora.xtec.cat\/escolaestevebarrachina\/wp-json\/wp\/v2\/comments?post=697"}],"version-history":[{"count":0,"href":"https:\/\/agora.xtec.cat\/escolaestevebarrachina\/wp-json\/wp\/v2\/posts\/697\/revisions"}],"wp:featuredmedia":[{"embeddable":true,"href":"https:\/\/agora.xtec.cat\/escolaestevebarrachina\/wp-json\/"}],"wp:attachment":[{"href":"https:\/\/agora.xtec.cat\/escolaestevebarrachina\/wp-json\/wp\/v2\/media?parent=697"}],"wp:term":[{"taxonomy":"category","embeddable":true,"href":"https:\/\/agora.xtec.cat\/escolaestevebarrachina\/wp-json\/wp\/v2\/categories?post=697"},{"taxonomy":"post_tag","embeddable":true,"href":"https:\/\/agora.xtec.cat\/escolaestevebarrachina\/wp-json\/wp\/v2\/tags?post=697"}],"curies":[{"name":"wp","href":"https:\/\/api.w.org\/{rel}","templated":true}]}}