{"id":678,"date":"2013-02-16T22:13:15","date_gmt":"2013-02-16T22:13:15","guid":{"rendered":"http:\/\/blocs.xtec.cat\/ceipbarrachina\/?p=678"},"modified":"2013-02-16T22:13:15","modified_gmt":"2013-02-16T22:13:15","slug":"extraescolar-batuka-escola-esteve-barrachina","status":"publish","type":"post","link":"https:\/\/agora.xtec.cat\/escolaestevebarrachina\/blog\/extraescolar-batuka-escola-esteve-barrachina\/","title":{"rendered":"EXTRAESCOLAR BATUKA, ESCOLA ESTEVE BARRACHINA"},"content":{"rendered":"<p>Ja fa \u00a06 anys que l&#8217;AMPA de l&#8217;escola Esteve Barrachina ofereix &#8220;BATUKA&#8221; com a\u00a0extraescolar, amb gran \u00e8xit, sobretot entre les nenes. A Alguns els semblar\u00e0, quan sentin el nom per primera vegada, que es tracta de timbals&#8230; o percussi\u00f3\u2026, per\u00f2 \u00a0NO!!!<\/p>\n<p>Batuka \u00e9s una disciplina d\u2019aer\u00f2bic que es \u00a0es practica a trav\u00e9s de ritmes llatins (samba, reggaeton, rumba flamenca) i techno \/ dance (eurotrance, techno-merengue, dance&#8230;). La Batuka va ser creada l\u2019any 2006, a trav\u00e9s del programa de televisi\u00f3 \u201cOperaci\u00f3n Triunfo\u201d. \u00c9s un forma divertida de fer excercici a m\u00e9s de millorar el sentit del ritme i la coordinaci\u00f3.I tenim la gran sort de comptar amb una de les fundadores d\u2019aquesta modalitat\u2026<\/p>\n<p>Les classes s\u00f3n impartides per la N\u00faria Moreno, vinculada al m\u00f3n del fitness i la dansa des del 1996 , sempre treballant com a core\u00f2grafa de grups infantils. Ballarina oficial del grup BATUKA LATIN \u00a0ha realitzat gales televisives al programa &#8220;Operaci\u00f3n Tiunfo&#8221;, entre d&#8217;altres .<\/p>\n<p>L&#8217;objectiu de les classes , diu la N\u00faria, \u00a0\u00e9s desenvolupar moviments de diferents estils: funky-hop, latino, jazz i acrob\u00e0cies, agrupant-los coreogr\u00e0ficament per desenvolupar el coneixement motriu , la creativitat, coordinaci\u00f3 i agilitat corporal. Aquesta activitat es realitza sempre d&#8217;una manera l\u00fadica. Les nenes estan encantades\u2026Una mare comenta que el dilluns \u00e9s el dia que es desperta amb \u00a0m\u00e9s ganes d&#8217;anar a l&#8217;escola &#8230; i \u00e9s perqu\u00e8 tenen Batuka\u2026\u00e9s el millor dia de la setmana. Les nenes que en fan comenten que els \u00a0agrada molt per\u00f2 que un dia \u00e9s poc que en farien tots el dies de la setmana\u2026 fins i tot una diu que en faria un mili\u00f3 de dies si\u00a0poguessin\u00a0\u2026\u00a0La tasca pendent \u00e9s que s\u2019hi apuntin m\u00e9s nens &#8230; mentrestant l\u2019activitat rutlla amb entusiasme!<\/p>\n<p><embed type=\"application\/x-shockwave-flash\" width=\"400\" height=\"267\" src=\"https:\/\/picasaweb.google.com\/s\/c\/bin\/slideshow.swf\" flashvars=\"host=picasaweb.google.com&amp;hl=ca&amp;feat=flashalbum&amp;RGB=0x000000&amp;feed=https%3A%2F%2Fpicasaweb.google.com%2Fdata%2Ffeed%2Fapi%2Fuser%2Fceipbarrachina2%2Falbumid%2F5845660110339505793%3Falt%3Drss%26kind%3Dphoto%26authkey%3DGv1sRgCO7D4u3FmOKHGQ%26hl%3Dca\" pluginspage=\"http:\/\/www.macromedia.com\/go\/getflashplayer\"><\/embed><\/p>\n","protected":false},"excerpt":{"rendered":"<p>Ja fa \u00a06 anys que l&#8217;AMPA de l&#8217;escola Esteve Barrachina ofereix &#8220;BATUKA&#8221; com a\u00a0extraescolar, amb gran \u00e8xit, sobretot entre les nenes. A Alguns els semblar\u00e0, quan sentin el nom per primera vegada, que es tracta de timbals&#8230; o percussi\u00f3\u2026, per\u00f2 \u00a0NO!!!<br \/>\nBatuka \u00e9s una disciplina d\u2019aer\u00f2bic&hellip;  <a href=\"https:\/\/agora.xtec.cat\/escolaestevebarrachina\/blog\/extraescolar-batuka-escola-esteve-barrachina\/\" title=\"Read EXTRAESCOLAR BATUKA, ESCOLA ESTEVE BARRACHINA\">Llegeix m\u00e9s\u00bb<\/a><\/p>\n","protected":false},"author":1,"featured_media":0,"comment_status":"open","ping_status":"closed","sticky":false,"template":"","format":"standard","meta":{"_bbp_topic_count":0,"_bbp_reply_count":0,"_bbp_total_topic_count":0,"_bbp_total_reply_count":0,"_bbp_voice_count":0,"_bbp_anonymous_reply_count":0,"_bbp_topic_count_hidden":0,"_bbp_reply_count_hidden":0,"_bbp_forum_subforum_count":0,"footnotes":""},"categories":[86],"tags":[],"class_list":["post-678","post","type-post","status-publish","format-standard","hentry","category-blog"],"post_mailing_queue_ids":[],"_links":{"self":[{"href":"https:\/\/agora.xtec.cat\/escolaestevebarrachina\/wp-json\/wp\/v2\/posts\/678","targetHints":{"allow":["GET"]}}],"collection":[{"href":"https:\/\/agora.xtec.cat\/escolaestevebarrachina\/wp-json\/wp\/v2\/posts"}],"about":[{"href":"https:\/\/agora.xtec.cat\/escolaestevebarrachina\/wp-json\/wp\/v2\/types\/post"}],"author":[{"embeddable":true,"href":"https:\/\/agora.xtec.cat\/escolaestevebarrachina\/wp-json\/wp\/v2\/users\/1"}],"replies":[{"embeddable":true,"href":"https:\/\/agora.xtec.cat\/escolaestevebarrachina\/wp-json\/wp\/v2\/comments?post=678"}],"version-history":[{"count":0,"href":"https:\/\/agora.xtec.cat\/escolaestevebarrachina\/wp-json\/wp\/v2\/posts\/678\/revisions"}],"wp:attachment":[{"href":"https:\/\/agora.xtec.cat\/escolaestevebarrachina\/wp-json\/wp\/v2\/media?parent=678"}],"wp:term":[{"taxonomy":"category","embeddable":true,"href":"https:\/\/agora.xtec.cat\/escolaestevebarrachina\/wp-json\/wp\/v2\/categories?post=678"},{"taxonomy":"post_tag","embeddable":true,"href":"https:\/\/agora.xtec.cat\/escolaestevebarrachina\/wp-json\/wp\/v2\/tags?post=678"}],"curies":[{"name":"wp","href":"https:\/\/api.w.org\/{rel}","templated":true}]}}