{"id":50,"date":"2008-02-01T20:59:45","date_gmt":"2008-02-01T19:59:45","guid":{"rendered":"http:\/\/blocs.xtec.cat\/ceipbarrachina\/2008\/02\/01\/carnaval-2008\/"},"modified":"2008-02-01T20:59:45","modified_gmt":"2008-02-01T19:59:45","slug":"carnaval-2008","status":"publish","type":"post","link":"https:\/\/agora.xtec.cat\/escolaestevebarrachina\/activitats-del-centre\/carnaval-2008\/","title":{"rendered":"Carnaval 2008"},"content":{"rendered":"<p>Ja ha arribat el Carnestoltes el rei dels pocasoltes a l&#8217;escola!.Es diu Ludwing el boig per\u00f2 no, no&#8230;.. no est\u00e0 boig! Tots els nens i nenes disfressats han ballat al ritme de la Xaranga i de la Markat\u00fa. Com que tot el que diu el Carnestoltes els agrada tant no han parat d&#8217;aplaudir i de ballar. Aqu\u00ed teniu un v\u00eddeo de la festa:<\/p>\n<p><code>[kml_flashembed movie=\"http:\/\/www.youtube.com\/v\/9frk65I9VLk\" width=\"425\" height=\"350\" wmode=\"transparent\" \/]<\/code><\/p>\n","protected":false},"excerpt":{"rendered":"<p>Ja ha arribat el Carnestoltes el rei dels pocasoltes a l&#8217;escola!.Es diu Ludwing el boig per\u00f2 no, no&#8230;.. no est\u00e0 boig! Tots els nens i nenes disfressats han ballat al ritme de la Xaranga i de la Markat\u00fa. Com que tot el que diu el&hellip;  <a href=\"https:\/\/agora.xtec.cat\/escolaestevebarrachina\/activitats-del-centre\/carnaval-2008\/\" title=\"Read Carnaval 2008\">Llegeix m\u00e9s\u00bb<\/a><\/p>\n","protected":false},"author":1,"featured_media":0,"comment_status":"closed","ping_status":"closed","sticky":false,"template":"","format":"standard","meta":{"_bbp_topic_count":0,"_bbp_reply_count":0,"_bbp_total_topic_count":0,"_bbp_total_reply_count":0,"_bbp_voice_count":0,"_bbp_anonymous_reply_count":0,"_bbp_topic_count_hidden":0,"_bbp_reply_count_hidden":0,"_bbp_forum_subforum_count":0,"footnotes":""},"categories":[84],"tags":[],"class_list":["post-50","post","type-post","status-publish","format-standard","hentry","category-activitats-del-centre"],"post_mailing_queue_ids":[],"_links":{"self":[{"href":"https:\/\/agora.xtec.cat\/escolaestevebarrachina\/wp-json\/wp\/v2\/posts\/50","targetHints":{"allow":["GET"]}}],"collection":[{"href":"https:\/\/agora.xtec.cat\/escolaestevebarrachina\/wp-json\/wp\/v2\/posts"}],"about":[{"href":"https:\/\/agora.xtec.cat\/escolaestevebarrachina\/wp-json\/wp\/v2\/types\/post"}],"author":[{"embeddable":true,"href":"https:\/\/agora.xtec.cat\/escolaestevebarrachina\/wp-json\/wp\/v2\/users\/1"}],"replies":[{"embeddable":true,"href":"https:\/\/agora.xtec.cat\/escolaestevebarrachina\/wp-json\/wp\/v2\/comments?post=50"}],"version-history":[{"count":0,"href":"https:\/\/agora.xtec.cat\/escolaestevebarrachina\/wp-json\/wp\/v2\/posts\/50\/revisions"}],"wp:attachment":[{"href":"https:\/\/agora.xtec.cat\/escolaestevebarrachina\/wp-json\/wp\/v2\/media?parent=50"}],"wp:term":[{"taxonomy":"category","embeddable":true,"href":"https:\/\/agora.xtec.cat\/escolaestevebarrachina\/wp-json\/wp\/v2\/categories?post=50"},{"taxonomy":"post_tag","embeddable":true,"href":"https:\/\/agora.xtec.cat\/escolaestevebarrachina\/wp-json\/wp\/v2\/tags?post=50"}],"curies":[{"name":"wp","href":"https:\/\/api.w.org\/{rel}","templated":true}]}}