{"id":4696,"date":"2018-10-07T13:31:06","date_gmt":"2018-10-07T11:31:06","guid":{"rendered":"http:\/\/biblioteca.escolaestevebarrachina.cat\/?p=2787"},"modified":"2018-10-07T13:31:06","modified_gmt":"2018-10-07T11:31:06","slug":"inauguracio-biblioteca-escoal-esteve-barrachina","status":"publish","type":"post","link":"https:\/\/agora.xtec.cat\/escolaestevebarrachina\/general\/inauguracio-biblioteca-escoal-esteve-barrachina\/","title":{"rendered":"Inauguraci\u00f3 Biblioteca Escola Esteve Barrachina"},"content":{"rendered":"<p>Aquest passat divendres v\u00e0rem obrir, per primer cop d&#8217;aquest curs, la nostra biblioteca. Gaireb\u00e9, com assenyala el cartell, podem dir que \u00e9s una inauguraci\u00f3 perqu\u00e8 enguany hi hem fet algunes modificacions i millores.<\/p>\n<p>Tenim una comissi\u00f3 de biblioteca formada per docents i comptem amb el suport d&#8217;un grup d&#8217;alumnes de 6\u00e8 i de fam\u00edlies que col.laboren amb nosaltres. El nostre objectiu, compartit per tots els integrants, \u00e9s dinamitzar la biblioteca per tal de fomentar l&#8217;h\u00e0bit lector del nostre alumnat.\u00a0 De moment , l&#8217;alumnat\u00a0 voluntari de 6\u00e8 obre cada dia, per torns la biblioteca <strong>a l&#8217;hora del pati:<\/strong> els infants llegeixen, busquen informaci\u00f3 i poden demanar llibres en pr\u00e8stec; les mares col.laboradores obren la biblioteca<strong> tots<\/strong> <strong>els divendres de 16:30 a 17:30<\/strong> per a que totes les fam\u00edlies puguin compartir la lectura amb els seus fills\/es i <strong>el tercer divendres del mes gaudir del<\/strong> <strong>CONTA-CONTES EN FAM\u00cdLIA. <\/strong><\/p>\n<p>Hi ha moltes ganes i il.lusi\u00f3 de fer moltes activitats que promoguin el gust per la lectura.<\/p>\n<p>&nbsp;<\/p>\n<p><img loading=\"lazy\" decoding=\"async\" class=\"alignnone size-full wp-image-2792\" src=\"http:\/\/biblioteca.escolaestevebarrachina.cat\/wp-content\/uploads\/2018\/10\/IMG-20181005-WA0005-copia-copia.jpg\" alt=\"\" width=\"1600\" height=\"1200\" \/> <img loading=\"lazy\" decoding=\"async\" class=\"alignnone size-full wp-image-2790\" src=\"http:\/\/biblioteca.escolaestevebarrachina.cat\/wp-content\/uploads\/2018\/10\/IMG-20181005-WA0002-copia-copia.jpg\" alt=\"\" width=\"1600\" height=\"1200\" \/> <img loading=\"lazy\" decoding=\"async\" class=\"alignnone size-full wp-image-2791\" src=\"http:\/\/biblioteca.escolaestevebarrachina.cat\/wp-content\/uploads\/2018\/10\/IMG-20181005-WA0003-copia-copia.jpg\" alt=\"\" width=\"1600\" height=\"1200\" \/> <img loading=\"lazy\" decoding=\"async\" class=\"alignnone size-full wp-image-2793\" src=\"http:\/\/biblioteca.escolaestevebarrachina.cat\/wp-content\/uploads\/2018\/10\/IMG-20181005-WA0006-copia-copia.jpg\" alt=\"\" width=\"1600\" height=\"1200\" \/><\/p>\n","protected":false},"excerpt":{"rendered":"<p>Aquest passat divendres v\u00e0rem obrir, per primer cop d&#8217;aquest curs, la nostra biblioteca. Gaireb\u00e9, com assenyala el cartell, podem dir que \u00e9s una inauguraci\u00f3 perqu\u00e8 enguany hi hem fet algunes modificacions i millores.<br \/>\nTenim una comissi\u00f3 de biblioteca formada per docents i comptem amb el suport&hellip;  <a href=\"https:\/\/agora.xtec.cat\/escolaestevebarrachina\/general\/inauguracio-biblioteca-escoal-esteve-barrachina\/\" title=\"Read Inauguraci\u00f3 Biblioteca Escola Esteve Barrachina\">Llegeix m\u00e9s\u00bb<\/a><\/p>\n","protected":false},"author":1,"featured_media":10818,"comment_status":"open","ping_status":"open","sticky":false,"template":"","format":"standard","meta":{"_bbp_topic_count":0,"_bbp_reply_count":0,"_bbp_total_topic_count":0,"_bbp_total_reply_count":0,"_bbp_voice_count":0,"_bbp_anonymous_reply_count":0,"_bbp_topic_count_hidden":0,"_bbp_reply_count_hidden":0,"_bbp_forum_subforum_count":0,"footnotes":""},"categories":[86,158,1],"tags":[60],"class_list":["post-4696","post","type-post","status-publish","format-standard","has-post-thumbnail","hentry","category-blog","category-biblioteca","category-general","tag-biblioteca"],"post_mailing_queue_ids":[],"_links":{"self":[{"href":"https:\/\/agora.xtec.cat\/escolaestevebarrachina\/wp-json\/wp\/v2\/posts\/4696","targetHints":{"allow":["GET"]}}],"collection":[{"href":"https:\/\/agora.xtec.cat\/escolaestevebarrachina\/wp-json\/wp\/v2\/posts"}],"about":[{"href":"https:\/\/agora.xtec.cat\/escolaestevebarrachina\/wp-json\/wp\/v2\/types\/post"}],"author":[{"embeddable":true,"href":"https:\/\/agora.xtec.cat\/escolaestevebarrachina\/wp-json\/wp\/v2\/users\/1"}],"replies":[{"embeddable":true,"href":"https:\/\/agora.xtec.cat\/escolaestevebarrachina\/wp-json\/wp\/v2\/comments?post=4696"}],"version-history":[{"count":0,"href":"https:\/\/agora.xtec.cat\/escolaestevebarrachina\/wp-json\/wp\/v2\/posts\/4696\/revisions"}],"wp:featuredmedia":[{"embeddable":true,"href":"https:\/\/agora.xtec.cat\/escolaestevebarrachina\/wp-json\/"}],"wp:attachment":[{"href":"https:\/\/agora.xtec.cat\/escolaestevebarrachina\/wp-json\/wp\/v2\/media?parent=4696"}],"wp:term":[{"taxonomy":"category","embeddable":true,"href":"https:\/\/agora.xtec.cat\/escolaestevebarrachina\/wp-json\/wp\/v2\/categories?post=4696"},{"taxonomy":"post_tag","embeddable":true,"href":"https:\/\/agora.xtec.cat\/escolaestevebarrachina\/wp-json\/wp\/v2\/tags?post=4696"}],"curies":[{"name":"wp","href":"https:\/\/api.w.org\/{rel}","templated":true}]}}