{"id":4695,"date":"2018-05-12T13:53:03","date_gmt":"2018-05-12T11:53:03","guid":{"rendered":"http:\/\/biblioteca.escolaestevebarrachina.cat\/?p=2780"},"modified":"2018-05-12T13:53:03","modified_gmt":"2018-05-12T11:53:03","slug":"de-que-fa-gust-la-lluna","status":"publish","type":"post","link":"https:\/\/agora.xtec.cat\/escolaestevebarrachina\/general\/de-que-fa-gust-la-lluna\/","title":{"rendered":"&#8220;De qu\u00e8 fa gust la lluna?"},"content":{"rendered":"<p>Aquesta ha estat l&#8217;\u00faltima sessi\u00f3 d&#8217;aquest curs escolar, del programa &#8220;Conta-contes en fam\u00edlia&#8221;<\/p>\n<p><strong>&#8220;De qu\u00e8 fa gust la lluna?&#8221;<\/strong><\/p>\n<p>I tu quin gust creus que t\u00e9 la lluna? Vols que t&#8217;ho expliqui? Doncs t\u00e9 gust de: llaminadures, de macarrons amb tom\u00e0quet, de xocolata, de sucre, de maduixa,&#8230; i a tu qu\u00e8 \u00e9s el que m\u00e9s t&#8217;agrada?&#8230;<\/p>\n<p>La tortuga, l&#8217;elefant, la girafa, la zebra, el lle\u00f3, el mico i el ratol\u00ed van voler saber quin gust tenia la lluna. Amb l&#8217;ajut de tots ells van poder arribar-hi i tastar-la. Mmmm, qu\u00e8 bona!<\/p>\n<p>Aviam si endevines quin gust tenia per a cadascun d&#8217;ells?<\/p>\n<p><a href=\"http:\/\/biblioteca.escolaestevebarrachina.cat\/wp-content\/uploads\/2018\/05\/40248600210_5725feb3e5_z.jpg\"><img loading=\"lazy\" decoding=\"async\" class=\"alignnone size-full wp-image-2782\" src=\"http:\/\/biblioteca.escolaestevebarrachina.cat\/wp-content\/uploads\/2018\/05\/40248600210_5725feb3e5_z.jpg\" alt=\"40248600210_5725feb3e5_z\" width=\"640\" height=\"360\" \/><\/a> <a href=\"http:\/\/biblioteca.escolaestevebarrachina.cat\/wp-content\/uploads\/2018\/05\/41156201505_41079ee6b2_z.jpg\"><img loading=\"lazy\" decoding=\"async\" class=\"alignnone size-full wp-image-2783\" src=\"http:\/\/biblioteca.escolaestevebarrachina.cat\/wp-content\/uploads\/2018\/05\/41156201505_41079ee6b2_z.jpg\" alt=\"41156201505_41079ee6b2_z\" width=\"640\" height=\"360\" \/><\/a><\/p>\n<p><a href=\"https:\/\/www.flickr.com\/photos\/105651434@N04\/albums\/72157694989813491\" target=\"_blank\" rel=\"noopener noreferrer\">Anar a la galeria de fotos<\/a><\/p>\n","protected":false},"excerpt":{"rendered":"<p>Aquesta ha estat l&#8217;\u00faltima sessi\u00f3 d&#8217;aquest curs escolar, del programa &#8220;Conta-contes en fam\u00edlia&#8221;<br \/>\n&#8220;De qu\u00e8 fa gust la lluna?&#8221;<br \/>\nI tu quin gust creus que t\u00e9 la lluna? Vols que t&#8217;ho expliqui? Doncs t\u00e9 gust de: llaminadures, de macarrons amb tom\u00e0quet, de xocolata, de sucre, de maduixa,&#8230;&hellip;  <a href=\"https:\/\/agora.xtec.cat\/escolaestevebarrachina\/general\/de-que-fa-gust-la-lluna\/\" title=\"Read &#8220;De qu\u00e8 fa gust la lluna?\">Llegeix m\u00e9s\u00bb<\/a><\/p>\n","protected":false},"author":1,"featured_media":2782,"comment_status":"open","ping_status":"open","sticky":false,"template":"","format":"standard","meta":{"_bbp_topic_count":0,"_bbp_reply_count":0,"_bbp_total_topic_count":0,"_bbp_total_reply_count":0,"_bbp_voice_count":0,"_bbp_anonymous_reply_count":0,"_bbp_topic_count_hidden":0,"_bbp_reply_count_hidden":0,"_bbp_forum_subforum_count":0,"footnotes":""},"categories":[86,1],"tags":[],"class_list":["post-4695","post","type-post","status-publish","format-standard","has-post-thumbnail","hentry","category-blog","category-general"],"post_mailing_queue_ids":[],"_links":{"self":[{"href":"https:\/\/agora.xtec.cat\/escolaestevebarrachina\/wp-json\/wp\/v2\/posts\/4695","targetHints":{"allow":["GET"]}}],"collection":[{"href":"https:\/\/agora.xtec.cat\/escolaestevebarrachina\/wp-json\/wp\/v2\/posts"}],"about":[{"href":"https:\/\/agora.xtec.cat\/escolaestevebarrachina\/wp-json\/wp\/v2\/types\/post"}],"author":[{"embeddable":true,"href":"https:\/\/agora.xtec.cat\/escolaestevebarrachina\/wp-json\/wp\/v2\/users\/1"}],"replies":[{"embeddable":true,"href":"https:\/\/agora.xtec.cat\/escolaestevebarrachina\/wp-json\/wp\/v2\/comments?post=4695"}],"version-history":[{"count":0,"href":"https:\/\/agora.xtec.cat\/escolaestevebarrachina\/wp-json\/wp\/v2\/posts\/4695\/revisions"}],"wp:featuredmedia":[{"embeddable":true,"href":"https:\/\/agora.xtec.cat\/escolaestevebarrachina\/wp-json\/wp\/v2\/posts\/2782"}],"wp:attachment":[{"href":"https:\/\/agora.xtec.cat\/escolaestevebarrachina\/wp-json\/wp\/v2\/media?parent=4695"}],"wp:term":[{"taxonomy":"category","embeddable":true,"href":"https:\/\/agora.xtec.cat\/escolaestevebarrachina\/wp-json\/wp\/v2\/categories?post=4695"},{"taxonomy":"post_tag","embeddable":true,"href":"https:\/\/agora.xtec.cat\/escolaestevebarrachina\/wp-json\/wp\/v2\/tags?post=4695"}],"curies":[{"name":"wp","href":"https:\/\/api.w.org\/{rel}","templated":true}]}}