{"id":4675,"date":"2018-06-14T23:05:29","date_gmt":"2018-06-14T21:05:29","guid":{"rendered":"http:\/\/primaria.escolaestevebarrachina.cat\/?p=3109"},"modified":"2018-06-14T23:05:29","modified_gmt":"2018-06-14T21:05:29","slug":"els-de-tercer-anem-al-museu-de-les-matematiques","status":"publish","type":"post","link":"https:\/\/agora.xtec.cat\/escolaestevebarrachina\/general\/els-de-tercer-anem-al-museu-de-les-matematiques\/","title":{"rendered":"Els de tercer anem al Museu de les matem\u00e0tiques."},"content":{"rendered":"<p>Aquest passat dimecres13 de juny els nens de tercer hem gaudit d&#8217;un mat\u00ed al Museu de les Matem\u00e0tiques, i no ens ho esperavem, per\u00f2 ha sigut molt i molt divertit.<\/p>\n<p>No hi havia sumes ni restes, si no que tot eren jocs manipulatius, apendre jugant \u00e9s molt m\u00e9s f\u00e0cil!<\/p>\n<p><img loading=\"lazy\" decoding=\"async\" class=\"aligncenter size-medium wp-image-3110\" src=\"http:\/\/primaria.escolaestevebarrachina.cat\/wp-content\/uploads\/2018\/06\/FWIP0405-225x300.jpg\" alt=\"\" width=\"225\" height=\"300\" \/><\/p>\n<p><img loading=\"lazy\" decoding=\"async\" class=\"aligncenter size-medium wp-image-3111\" src=\"http:\/\/primaria.escolaestevebarrachina.cat\/wp-content\/uploads\/2018\/06\/DIOY2517-225x300.jpg\" alt=\"\" width=\"225\" height=\"300\" \/><\/p>\n<p><img loading=\"lazy\" decoding=\"async\" class=\"aligncenter size-medium wp-image-3112\" src=\"http:\/\/primaria.escolaestevebarrachina.cat\/wp-content\/uploads\/2018\/06\/FTIE6773-225x300.jpg\" alt=\"\" width=\"225\" height=\"300\" \/><\/p>\n<p><img loading=\"lazy\" decoding=\"async\" class=\"aligncenter size-medium wp-image-3113\" src=\"http:\/\/primaria.escolaestevebarrachina.cat\/wp-content\/uploads\/2018\/06\/DQVG7590-225x300.jpg\" alt=\"\" width=\"225\" height=\"300\" \/><\/p>\n<p><img loading=\"lazy\" decoding=\"async\" class=\"aligncenter size-medium wp-image-3114\" src=\"http:\/\/primaria.escolaestevebarrachina.cat\/wp-content\/uploads\/2018\/06\/GJMU1941-225x300.jpg\" alt=\"\" width=\"225\" height=\"300\" \/><\/p>\n","protected":false},"excerpt":{"rendered":"<p>Aquest passat dimecres13 de juny els nens de tercer hem gaudit d&#8217;un mat\u00ed al Museu de les Matem\u00e0tiques, i no ens ho esperavem, per\u00f2 ha sigut molt i molt divertit.<br \/>\nNo hi havia sumes ni restes, si no que tot eren jocs manipulatius, apendre jugant \u00e9s&hellip;  <a href=\"https:\/\/agora.xtec.cat\/escolaestevebarrachina\/general\/els-de-tercer-anem-al-museu-de-les-matematiques\/\" title=\"Read Els de tercer anem al Museu de les matem\u00e0tiques.\">Llegeix m\u00e9s\u00bb<\/a><\/p>\n","protected":false},"author":1,"featured_media":0,"comment_status":"open","ping_status":"open","sticky":false,"template":"","format":"standard","meta":{"_bbp_topic_count":0,"_bbp_reply_count":0,"_bbp_total_topic_count":0,"_bbp_total_reply_count":0,"_bbp_voice_count":0,"_bbp_anonymous_reply_count":0,"_bbp_topic_count_hidden":0,"_bbp_reply_count_hidden":0,"_bbp_forum_subforum_count":0,"footnotes":""},"categories":[84,86,99,1,145],"tags":[],"class_list":["post-4675","post","type-post","status-publish","format-standard","hentry","category-activitats-del-centre","category-blog","category-cicle-mitja","category-general","category-primaria"],"post_mailing_queue_ids":[],"_links":{"self":[{"href":"https:\/\/agora.xtec.cat\/escolaestevebarrachina\/wp-json\/wp\/v2\/posts\/4675","targetHints":{"allow":["GET"]}}],"collection":[{"href":"https:\/\/agora.xtec.cat\/escolaestevebarrachina\/wp-json\/wp\/v2\/posts"}],"about":[{"href":"https:\/\/agora.xtec.cat\/escolaestevebarrachina\/wp-json\/wp\/v2\/types\/post"}],"author":[{"embeddable":true,"href":"https:\/\/agora.xtec.cat\/escolaestevebarrachina\/wp-json\/wp\/v2\/users\/1"}],"replies":[{"embeddable":true,"href":"https:\/\/agora.xtec.cat\/escolaestevebarrachina\/wp-json\/wp\/v2\/comments?post=4675"}],"version-history":[{"count":0,"href":"https:\/\/agora.xtec.cat\/escolaestevebarrachina\/wp-json\/wp\/v2\/posts\/4675\/revisions"}],"wp:attachment":[{"href":"https:\/\/agora.xtec.cat\/escolaestevebarrachina\/wp-json\/wp\/v2\/media?parent=4675"}],"wp:term":[{"taxonomy":"category","embeddable":true,"href":"https:\/\/agora.xtec.cat\/escolaestevebarrachina\/wp-json\/wp\/v2\/categories?post=4675"},{"taxonomy":"post_tag","embeddable":true,"href":"https:\/\/agora.xtec.cat\/escolaestevebarrachina\/wp-json\/wp\/v2\/tags?post=4675"}],"curies":[{"name":"wp","href":"https:\/\/api.w.org\/{rel}","templated":true}]}}