{"id":4674,"date":"2018-06-14T18:22:44","date_gmt":"2018-06-14T16:22:44","guid":{"rendered":"http:\/\/primaria.escolaestevebarrachina.cat\/?p=3101"},"modified":"2018-06-14T18:22:44","modified_gmt":"2018-06-14T16:22:44","slug":"cuanta-sucre-mengem","status":"publish","type":"post","link":"https:\/\/agora.xtec.cat\/escolaestevebarrachina\/general\/cuanta-sucre-mengem\/","title":{"rendered":"Quanta sucre mengem?"},"content":{"rendered":"<p>Els nens de 4t hem estat investigant quanta sucre porten alguns dels nostres berenars i esmorzars, i hem apr\u00e8s a llegir les etiquetes.<\/p>\n<p>Tamb\u00e9 hem fet una cerca per internet per saber amb quants noms diferents pot apar\u00e8ixer la sucre en una etiqueta i per qu\u00e8 no \u00e9s gaire b\u00f3 pel nostre cos. Hem pesat el sucre que portaven per fer el mural.<img loading=\"lazy\" decoding=\"async\" class=\"aligncenter size-medium wp-image-3102\" src=\"http:\/\/primaria.escolaestevebarrachina.cat\/wp-content\/uploads\/2018\/06\/IMG_6050-300x225.jpg\" alt=\"\" width=\"300\" height=\"225\" \/><\/p>\n<p>Tamb\u00e9 ens hem informat sobre qu\u00e8 \u00e9s aquest fam\u00f3s &#8220;oli de palma&#8221;que apar\u00e8ix en molts dels ingredients d&#8217;aquests paquets que hem portat i d&#8217;on s&#8217;extreu.<\/p>\n<p><img loading=\"lazy\" decoding=\"async\" class=\"aligncenter size-medium wp-image-3103\" src=\"http:\/\/primaria.escolaestevebarrachina.cat\/wp-content\/uploads\/2018\/06\/IMG_6049-300x225.jpg\" alt=\"\" width=\"300\" height=\"225\" \/><\/p>\n<p><img loading=\"lazy\" decoding=\"async\" class=\"aligncenter size-medium wp-image-3105\" src=\"http:\/\/primaria.escolaestevebarrachina.cat\/wp-content\/uploads\/2018\/06\/IMG_6046-300x225.jpg\" alt=\"\" width=\"300\" height=\"225\" \/><\/p>\n","protected":false},"excerpt":{"rendered":"<p>Els nens de 4t hem estat investigant quanta sucre porten alguns dels nostres berenars i esmorzars, i hem apr\u00e8s a llegir les etiquetes.<br \/>\nTamb\u00e9 hem fet una cerca per internet per saber amb quants noms diferents pot apar\u00e8ixer la sucre en una etiqueta i per qu\u00e8&hellip;  <a href=\"https:\/\/agora.xtec.cat\/escolaestevebarrachina\/general\/cuanta-sucre-mengem\/\" title=\"Read Quanta sucre mengem?\">Llegeix m\u00e9s\u00bb<\/a><\/p>\n","protected":false},"author":1,"featured_media":0,"comment_status":"open","ping_status":"open","sticky":false,"template":"","format":"standard","meta":{"_bbp_topic_count":0,"_bbp_reply_count":0,"_bbp_total_topic_count":0,"_bbp_total_reply_count":0,"_bbp_voice_count":0,"_bbp_anonymous_reply_count":0,"_bbp_topic_count_hidden":0,"_bbp_reply_count_hidden":0,"_bbp_forum_subforum_count":0,"footnotes":""},"categories":[84,86,99,85,1,145],"tags":[],"class_list":["post-4674","post","type-post","status-publish","format-standard","hentry","category-activitats-del-centre","category-blog","category-cicle-mitja","category-escola-estebe-barrachina","category-general","category-primaria"],"post_mailing_queue_ids":[],"_links":{"self":[{"href":"https:\/\/agora.xtec.cat\/escolaestevebarrachina\/wp-json\/wp\/v2\/posts\/4674","targetHints":{"allow":["GET"]}}],"collection":[{"href":"https:\/\/agora.xtec.cat\/escolaestevebarrachina\/wp-json\/wp\/v2\/posts"}],"about":[{"href":"https:\/\/agora.xtec.cat\/escolaestevebarrachina\/wp-json\/wp\/v2\/types\/post"}],"author":[{"embeddable":true,"href":"https:\/\/agora.xtec.cat\/escolaestevebarrachina\/wp-json\/wp\/v2\/users\/1"}],"replies":[{"embeddable":true,"href":"https:\/\/agora.xtec.cat\/escolaestevebarrachina\/wp-json\/wp\/v2\/comments?post=4674"}],"version-history":[{"count":0,"href":"https:\/\/agora.xtec.cat\/escolaestevebarrachina\/wp-json\/wp\/v2\/posts\/4674\/revisions"}],"wp:attachment":[{"href":"https:\/\/agora.xtec.cat\/escolaestevebarrachina\/wp-json\/wp\/v2\/media?parent=4674"}],"wp:term":[{"taxonomy":"category","embeddable":true,"href":"https:\/\/agora.xtec.cat\/escolaestevebarrachina\/wp-json\/wp\/v2\/categories?post=4674"},{"taxonomy":"post_tag","embeddable":true,"href":"https:\/\/agora.xtec.cat\/escolaestevebarrachina\/wp-json\/wp\/v2\/tags?post=4674"}],"curies":[{"name":"wp","href":"https:\/\/api.w.org\/{rel}","templated":true}]}}