{"id":4672,"date":"2018-03-09T16:04:02","date_gmt":"2018-03-09T15:04:02","guid":{"rendered":"http:\/\/primaria.escolaestevebarrachina.cat\/?p=3011"},"modified":"2018-03-09T16:04:02","modified_gmt":"2018-03-09T15:04:02","slug":"la-ruta-del-modernisme","status":"publish","type":"post","link":"https:\/\/agora.xtec.cat\/escolaestevebarrachina\/general\/la-ruta-del-modernisme\/","title":{"rendered":"LA RUTA DEL MODERNISME"},"content":{"rendered":"<p style=\"text-align: left;\"><img loading=\"lazy\" decoding=\"async\" class=\" wp-image-3013 alignleft\" src=\"http:\/\/primaria.escolaestevebarrachina.cat\/wp-content\/uploads\/2018\/03\/IMG_20180307_123050_953-300x225.jpg\" alt=\"\" width=\"235\" height=\"176\" \/>La\u00a0\u201c<strong>Ruta del Modernisme\u201d<\/strong>\u00a0\u00e9s un agradable passeig pel centre de Reus amb el qual vam gaudir el passat 7 de mar\u00e7 amb l\u2019alumnat de 6\u00e8. Aquesta sortida va permetre als alumnes de cicle superior con\u00e8ixer les fa\u00e7anes modernistes m\u00e9s interessants de la ciutat. Destaquen molt especialment les obres de Llu\u00eds Dom\u00e8nech i Montaner (Institut Pere Mata, Casa Nav\u00e0s, Casa Rull i Casa Gasull), que per l\u2019eleg\u00e0ncia del seu estil van influenciar en els altres edificis modernistes que es van realitzar a Reus.<\/p>\n<p>Un altre punt important\u00a0 de la visita va ser <strong>\u201cEl Gaud\u00ed Centre Reus\u201d <\/strong>que \u00e9s l\u2019homenatge que la ciutat natal de Gaud\u00ed dedica al seu fill m\u00e9s universal. A m\u00e9s, \u00e9s l&#8217;\u00fanic centre d\u2019interpretaci\u00f3 sobre la vida i l\u2019obra de l&#8217;artista.<\/p>\n<p><img loading=\"lazy\" decoding=\"async\" class=\" wp-image-3012 alignleft\" src=\"http:\/\/primaria.escolaestevebarrachina.cat\/wp-content\/uploads\/2018\/03\/IMG_20180307_135941_205-300x225.jpg\" alt=\"\" width=\"255\" height=\"192\" \/><\/p>\n<p><img loading=\"lazy\" decoding=\"async\" class=\"wp-image-3014 alignleft\" src=\"http:\/\/primaria.escolaestevebarrachina.cat\/wp-content\/uploads\/2018\/03\/IMG_20180307_140513_571-300x225.jpg\" alt=\"\" width=\"256\" height=\"192\" \/>Ens vam poder adonar que \u00e9s un espai dotat amb les infraestructures m\u00e9s modernes i l\u2019\u00faltima tecnologia audiovisual, creat per obrir els sentits i la ment a les noves experi\u00e8ncies. Una aut\u00e8ntica experi\u00e8ncia que mai oblidarem perqu\u00e8 va permetre con\u00e8ixer millor Gaud\u00ed i descobrir els\u00a0<strong>secrets del geni<\/strong>.<\/p>\n<p><img loading=\"lazy\" decoding=\"async\" class=\"wp-image-3020 alignleft\" src=\"http:\/\/primaria.escolaestevebarrachina.cat\/wp-content\/uploads\/2018\/03\/IMG_20180307_140057_143-300x225.jpg\" alt=\"\" width=\"283\" height=\"212\" \/><img loading=\"lazy\" decoding=\"async\" class=\"wp-image-3022 alignright\" src=\"http:\/\/primaria.escolaestevebarrachina.cat\/wp-content\/uploads\/2018\/03\/IMG_20180307_134441_151-300x225.jpg\" alt=\"\" width=\"287\" height=\"215\" \/><\/p>\n<p>&nbsp;<\/p>\n<p>&nbsp;<\/p>\n<p>&nbsp;<\/p>\n<p>&nbsp;<\/p>\n<p>&nbsp;<\/p>\n","protected":false},"excerpt":{"rendered":"<p>La\u00a0\u201cRuta del Modernisme\u201d\u00a0\u00e9s un agradable passeig pel centre de Reus amb el qual vam gaudir el passat 7 de mar\u00e7 amb l\u2019alumnat de 6\u00e8. Aquesta sortida va permetre als alumnes de cicle superior con\u00e8ixer les fa\u00e7anes modernistes m\u00e9s interessants de la ciutat. Destaquen molt especialment&hellip;  <a href=\"https:\/\/agora.xtec.cat\/escolaestevebarrachina\/general\/la-ruta-del-modernisme\/\" title=\"Read LA RUTA DEL MODERNISME\">Llegeix m\u00e9s\u00bb<\/a><\/p>\n","protected":false},"author":1,"featured_media":0,"comment_status":"open","ping_status":"open","sticky":false,"template":"","format":"standard","meta":{"_bbp_topic_count":0,"_bbp_reply_count":0,"_bbp_total_topic_count":0,"_bbp_total_reply_count":0,"_bbp_voice_count":0,"_bbp_anonymous_reply_count":0,"_bbp_topic_count_hidden":0,"_bbp_reply_count_hidden":0,"_bbp_forum_subforum_count":0,"footnotes":""},"categories":[86,1,145],"tags":[],"class_list":["post-4672","post","type-post","status-publish","format-standard","hentry","category-blog","category-general","category-primaria"],"post_mailing_queue_ids":[],"_links":{"self":[{"href":"https:\/\/agora.xtec.cat\/escolaestevebarrachina\/wp-json\/wp\/v2\/posts\/4672","targetHints":{"allow":["GET"]}}],"collection":[{"href":"https:\/\/agora.xtec.cat\/escolaestevebarrachina\/wp-json\/wp\/v2\/posts"}],"about":[{"href":"https:\/\/agora.xtec.cat\/escolaestevebarrachina\/wp-json\/wp\/v2\/types\/post"}],"author":[{"embeddable":true,"href":"https:\/\/agora.xtec.cat\/escolaestevebarrachina\/wp-json\/wp\/v2\/users\/1"}],"replies":[{"embeddable":true,"href":"https:\/\/agora.xtec.cat\/escolaestevebarrachina\/wp-json\/wp\/v2\/comments?post=4672"}],"version-history":[{"count":0,"href":"https:\/\/agora.xtec.cat\/escolaestevebarrachina\/wp-json\/wp\/v2\/posts\/4672\/revisions"}],"wp:attachment":[{"href":"https:\/\/agora.xtec.cat\/escolaestevebarrachina\/wp-json\/wp\/v2\/media?parent=4672"}],"wp:term":[{"taxonomy":"category","embeddable":true,"href":"https:\/\/agora.xtec.cat\/escolaestevebarrachina\/wp-json\/wp\/v2\/categories?post=4672"},{"taxonomy":"post_tag","embeddable":true,"href":"https:\/\/agora.xtec.cat\/escolaestevebarrachina\/wp-json\/wp\/v2\/tags?post=4672"}],"curies":[{"name":"wp","href":"https:\/\/api.w.org\/{rel}","templated":true}]}}