{"id":4670,"date":"2018-03-01T15:51:58","date_gmt":"2018-03-01T14:51:58","guid":{"rendered":"http:\/\/primaria.escolaestevebarrachina.cat\/?p=2987"},"modified":"2018-03-01T15:51:58","modified_gmt":"2018-03-01T14:51:58","slug":"anem-a-la-radio","status":"publish","type":"post","link":"https:\/\/agora.xtec.cat\/escolaestevebarrachina\/general\/anem-a-la-radio\/","title":{"rendered":"Anem a la r\u00e0dio!"},"content":{"rendered":"<p>Alguns nens de 3r i 4t, el Mar\u00e7al, l\u00b4Aar\u00f3n, el Nacho, la Naiara i la mestra N\u00faria, hem anat a la r\u00e0dio Maricel, per\u00a0 parlar del recapte d\u00b4aliments que estem organitzant, tindr\u00e0 lloc del 5 al 10 de mar\u00e7 a l&#8217;escola.<\/p>\n<p><img loading=\"lazy\" decoding=\"async\" class=\"aligncenter size-medium wp-image-2988\" src=\"http:\/\/primaria.escolaestevebarrachina.cat\/wp-content\/uploads\/2018\/03\/image1-300x225.jpeg\" alt=\"\" width=\"300\" height=\"225\" \/><\/p>\n<p>Podeu escoltar l&#8217;entrevista que ens han fet a la r\u00e0dio Maricel, en el seg\u00fcent <a href=\"http:\/\/www.radiomaricel.cat\/2018\/03\/01\/lescola-esteve-barrachina-ja-punt-recapte-daliments\/\">enlla\u00e7<\/a>.<\/p>\n<h5>(Aquesta entrada ha estat realitzada pels nens i nenes de quart.)<\/h5>\n","protected":false},"excerpt":{"rendered":"<p>Alguns nens de 3r i 4t, el Mar\u00e7al, l\u00b4Aar\u00f3n, el Nacho, la Naiara i la mestra N\u00faria, hem anat a la r\u00e0dio Maricel, per\u00a0 parlar del recapte d\u00b4aliments que estem organitzant, tindr\u00e0 lloc del 5 al 10 de mar\u00e7 a l&#8217;escola.<\/p>\n<p>Podeu escoltar l&#8217;entrevista que ens&hellip;  <a href=\"https:\/\/agora.xtec.cat\/escolaestevebarrachina\/general\/anem-a-la-radio\/\" title=\"Read Anem a la r\u00e0dio!\">Llegeix m\u00e9s\u00bb<\/a><\/p>\n","protected":false},"author":1,"featured_media":0,"comment_status":"open","ping_status":"open","sticky":false,"template":"","format":"standard","meta":{"_bbp_topic_count":0,"_bbp_reply_count":0,"_bbp_total_topic_count":0,"_bbp_total_reply_count":0,"_bbp_voice_count":0,"_bbp_anonymous_reply_count":0,"_bbp_topic_count_hidden":0,"_bbp_reply_count_hidden":0,"_bbp_forum_subforum_count":0,"footnotes":""},"categories":[84,86,99,1,145],"tags":[],"class_list":["post-4670","post","type-post","status-publish","format-standard","hentry","category-activitats-del-centre","category-blog","category-cicle-mitja","category-general","category-primaria"],"post_mailing_queue_ids":[],"_links":{"self":[{"href":"https:\/\/agora.xtec.cat\/escolaestevebarrachina\/wp-json\/wp\/v2\/posts\/4670","targetHints":{"allow":["GET"]}}],"collection":[{"href":"https:\/\/agora.xtec.cat\/escolaestevebarrachina\/wp-json\/wp\/v2\/posts"}],"about":[{"href":"https:\/\/agora.xtec.cat\/escolaestevebarrachina\/wp-json\/wp\/v2\/types\/post"}],"author":[{"embeddable":true,"href":"https:\/\/agora.xtec.cat\/escolaestevebarrachina\/wp-json\/wp\/v2\/users\/1"}],"replies":[{"embeddable":true,"href":"https:\/\/agora.xtec.cat\/escolaestevebarrachina\/wp-json\/wp\/v2\/comments?post=4670"}],"version-history":[{"count":0,"href":"https:\/\/agora.xtec.cat\/escolaestevebarrachina\/wp-json\/wp\/v2\/posts\/4670\/revisions"}],"wp:attachment":[{"href":"https:\/\/agora.xtec.cat\/escolaestevebarrachina\/wp-json\/wp\/v2\/media?parent=4670"}],"wp:term":[{"taxonomy":"category","embeddable":true,"href":"https:\/\/agora.xtec.cat\/escolaestevebarrachina\/wp-json\/wp\/v2\/categories?post=4670"},{"taxonomy":"post_tag","embeddable":true,"href":"https:\/\/agora.xtec.cat\/escolaestevebarrachina\/wp-json\/wp\/v2\/tags?post=4670"}],"curies":[{"name":"wp","href":"https:\/\/api.w.org\/{rel}","templated":true}]}}