{"id":4655,"date":"2018-12-19T15:46:48","date_gmt":"2018-12-19T14:46:48","guid":{"rendered":"https:\/\/escolaestevebarrachina.cat\/?p=4655"},"modified":"2018-12-19T15:46:48","modified_gmt":"2018-12-19T14:46:48","slug":"les-cooperatives-de-5e-ja-tenen-cif","status":"publish","type":"post","link":"https:\/\/agora.xtec.cat\/escolaestevebarrachina\/blog\/les-cooperatives-de-5e-ja-tenen-cif\/","title":{"rendered":"Les cooperatives de 5\u00e8 ja tenen CIF"},"content":{"rendered":"<p><img loading=\"lazy\" decoding=\"async\" class=\"alignnone size-medium wp-image-4658\" src=\"https:\/\/escolaestevebarrachina.cat\/wp-content\/uploads\/2018\/12\/IMG-20181213-WA0039-300x169.jpg\" alt=\"\" width=\"300\" height=\"169\" \/><\/p>\n<p><img loading=\"lazy\" decoding=\"async\" class=\"alignnone size-medium wp-image-4657\" src=\"https:\/\/escolaestevebarrachina.cat\/wp-content\/uploads\/2018\/12\/IMG-20181213-WA0033-300x169.jpg\" alt=\"\" width=\"300\" height=\"169\" \/><\/p>\n<p><img loading=\"lazy\" decoding=\"async\" class=\"alignnone size-medium wp-image-4656\" src=\"https:\/\/escolaestevebarrachina.cat\/wp-content\/uploads\/2018\/12\/IMG-20181213-WA0031-300x169.jpg\" alt=\"\" width=\"300\" height=\"169\" \/><\/p>\n<p>Els equips directius de les cooperatives de 5\u00e8 es van encarregar de portar la documentaci\u00f3 necess\u00e0ria a l&#8217;OAC, per tal d&#8217;inscriure les seves empreses i sol\u00b7licitar-ne el CIF.<\/p>\n","protected":false},"excerpt":{"rendered":"<p>Els equips directius de les cooperatives de 5\u00e8 es van encarregar de portar la documentaci\u00f3 necess\u00e0ria a l&#8217;OAC, per tal d&#8217;inscriure les seves empreses i sol\u00b7licitar-ne el CIF.<\/p>\n","protected":false},"author":1,"featured_media":4656,"comment_status":"open","ping_status":"open","sticky":false,"template":"","format":"standard","meta":{"_bbp_topic_count":0,"_bbp_reply_count":0,"_bbp_total_topic_count":0,"_bbp_total_reply_count":0,"_bbp_voice_count":0,"_bbp_anonymous_reply_count":0,"_bbp_topic_count_hidden":0,"_bbp_reply_count_hidden":0,"_bbp_forum_subforum_count":0,"footnotes":""},"categories":[86,92,145],"tags":[],"class_list":["post-4655","post","type-post","status-publish","format-standard","has-post-thumbnail","hentry","category-blog","category-cicle-superior","category-primaria"],"post_mailing_queue_ids":[],"_links":{"self":[{"href":"https:\/\/agora.xtec.cat\/escolaestevebarrachina\/wp-json\/wp\/v2\/posts\/4655","targetHints":{"allow":["GET"]}}],"collection":[{"href":"https:\/\/agora.xtec.cat\/escolaestevebarrachina\/wp-json\/wp\/v2\/posts"}],"about":[{"href":"https:\/\/agora.xtec.cat\/escolaestevebarrachina\/wp-json\/wp\/v2\/types\/post"}],"author":[{"embeddable":true,"href":"https:\/\/agora.xtec.cat\/escolaestevebarrachina\/wp-json\/wp\/v2\/users\/1"}],"replies":[{"embeddable":true,"href":"https:\/\/agora.xtec.cat\/escolaestevebarrachina\/wp-json\/wp\/v2\/comments?post=4655"}],"version-history":[{"count":0,"href":"https:\/\/agora.xtec.cat\/escolaestevebarrachina\/wp-json\/wp\/v2\/posts\/4655\/revisions"}],"wp:featuredmedia":[{"embeddable":true,"href":"https:\/\/agora.xtec.cat\/escolaestevebarrachina\/wp-json\/"}],"wp:attachment":[{"href":"https:\/\/agora.xtec.cat\/escolaestevebarrachina\/wp-json\/wp\/v2\/media?parent=4655"}],"wp:term":[{"taxonomy":"category","embeddable":true,"href":"https:\/\/agora.xtec.cat\/escolaestevebarrachina\/wp-json\/wp\/v2\/categories?post=4655"},{"taxonomy":"post_tag","embeddable":true,"href":"https:\/\/agora.xtec.cat\/escolaestevebarrachina\/wp-json\/wp\/v2\/tags?post=4655"}],"curies":[{"name":"wp","href":"https:\/\/api.w.org\/{rel}","templated":true}]}}