{"id":4594,"date":"2018-11-29T12:10:37","date_gmt":"2018-11-29T11:10:37","guid":{"rendered":"https:\/\/escolaestevebarrachina.cat\/?p=4594"},"modified":"2018-11-29T12:10:37","modified_gmt":"2018-11-29T11:10:37","slug":"resultats-eleccions-al-consell-escolar","status":"publish","type":"post","link":"https:\/\/agora.xtec.cat\/escolaestevebarrachina\/blog\/resultats-eleccions-al-consell-escolar\/","title":{"rendered":"Resultats eleccions al Consell Escolar"},"content":{"rendered":"<h1><\/h1>\n<h1><strong>Un cop fetes les votacions ja us podem informar dels resultats:<\/strong><\/h1>\n<p>TOTAL DE VOTS: 106<\/p>\n<p>VOTS NULS: 0<\/p>\n<p>VOTS EN BLANC: 2<\/p>\n<p>RESULTATS PER CANDIDATS\/DES:<\/p>\n<ul>\n<li>Clara Fleur Salsas: 14 vots<\/li>\n<li>Sara Oviedo Moyano: 17 vots<\/li>\n<li><strong>M\u00f2nica Ponce de Le\u00f3n Valderrama: 46 vots<\/strong><\/li>\n<li>Sheila Pilar Tabernero Azuara: 19 vots<\/li>\n<li><strong>Aida Valverde Farr\u00e9: 65\u00a0 vots<\/strong><\/li>\n<\/ul>\n<p>&nbsp;<\/p>\n<p>Aix\u00ed doncs, donem l&#8217;enhorabona a la M\u00f2nica i a l&#8217; Aida i els desitgem molta for\u00e7a i encerts.<\/p>\n<p>Agra\u00efm a totes les candidates la seva implicaci\u00f3 i participaci\u00f3!<\/p>\n<p>Un agra\u00efment especial tamb\u00e9 a les persones que van col\u00b7laborar al correcte desenvolupament de la jornada, la Gl\u00f2ria Pastells i la Bah\u00eda Aghzal, components de la mesa.<\/p>\n","protected":false},"excerpt":{"rendered":"<p>Un cop fetes les votacions ja us podem informar dels resultats:<br \/>\nTOTAL DE VOTS: 106<br \/>\nVOTS NULS: 0<br \/>\nVOTS EN BLANC: 2<br \/>\nRESULTATS PER CANDIDATS\/DES:<\/p>\n<ul>\n<li>Clara Fleur Salsas: 14 vots<\/li>\n<li>Sara Oviedo Moyano: 17 vots<\/li>\n<li>M\u00f2nica Ponce de Le\u00f3n Valderrama: 46 vots<\/li>\n<li>Sheila Pilar Tabernero Azuara: 19 vots<\/li>\n<li>Aida Valverde Farr\u00e9: 65\u00a0 vots<\/li>\n<\/ul>\n<p>&nbsp;<br \/>\nAix\u00ed doncs,&hellip;  <a href=\"https:\/\/agora.xtec.cat\/escolaestevebarrachina\/blog\/resultats-eleccions-al-consell-escolar\/\" title=\"Read Resultats eleccions al Consell Escolar\">Llegeix m\u00e9s\u00bb<\/a><\/p>\n","protected":false},"author":1,"featured_media":4622,"comment_status":"open","ping_status":"open","sticky":false,"template":"","format":"standard","meta":{"_bbp_topic_count":0,"_bbp_reply_count":0,"_bbp_total_topic_count":0,"_bbp_total_reply_count":0,"_bbp_voice_count":0,"_bbp_anonymous_reply_count":0,"_bbp_topic_count_hidden":0,"_bbp_reply_count_hidden":0,"_bbp_forum_subforum_count":0,"footnotes":""},"categories":[104,86,124],"tags":[],"class_list":["post-4594","post","type-post","status-publish","format-standard","has-post-thumbnail","hentry","category-ampa","category-blog","category-consell-escolar"],"post_mailing_queue_ids":[],"_links":{"self":[{"href":"https:\/\/agora.xtec.cat\/escolaestevebarrachina\/wp-json\/wp\/v2\/posts\/4594","targetHints":{"allow":["GET"]}}],"collection":[{"href":"https:\/\/agora.xtec.cat\/escolaestevebarrachina\/wp-json\/wp\/v2\/posts"}],"about":[{"href":"https:\/\/agora.xtec.cat\/escolaestevebarrachina\/wp-json\/wp\/v2\/types\/post"}],"author":[{"embeddable":true,"href":"https:\/\/agora.xtec.cat\/escolaestevebarrachina\/wp-json\/wp\/v2\/users\/1"}],"replies":[{"embeddable":true,"href":"https:\/\/agora.xtec.cat\/escolaestevebarrachina\/wp-json\/wp\/v2\/comments?post=4594"}],"version-history":[{"count":0,"href":"https:\/\/agora.xtec.cat\/escolaestevebarrachina\/wp-json\/wp\/v2\/posts\/4594\/revisions"}],"wp:featuredmedia":[{"embeddable":true,"href":"https:\/\/agora.xtec.cat\/escolaestevebarrachina\/wp-json\/"}],"wp:attachment":[{"href":"https:\/\/agora.xtec.cat\/escolaestevebarrachina\/wp-json\/wp\/v2\/media?parent=4594"}],"wp:term":[{"taxonomy":"category","embeddable":true,"href":"https:\/\/agora.xtec.cat\/escolaestevebarrachina\/wp-json\/wp\/v2\/categories?post=4594"},{"taxonomy":"post_tag","embeddable":true,"href":"https:\/\/agora.xtec.cat\/escolaestevebarrachina\/wp-json\/wp\/v2\/tags?post=4594"}],"curies":[{"name":"wp","href":"https:\/\/api.w.org\/{rel}","templated":true}]}}