{"id":4572,"date":"2018-11-12T16:17:25","date_gmt":"2018-11-12T15:17:25","guid":{"rendered":"https:\/\/escolaestevebarrachina.cat\/?p=4572"},"modified":"2018-11-12T16:17:25","modified_gmt":"2018-11-12T15:17:25","slug":"eleccions-al-consell-escolar","status":"publish","type":"post","link":"https:\/\/agora.xtec.cat\/escolaestevebarrachina\/escola-estebe-barrachina\/eleccions-al-consell-escolar\/","title":{"rendered":"Eleccions al Consell Escolar"},"content":{"rendered":"<h2>S&#8217;ha obert el per\u00edode d&#8217;eleccions al Consell Escolar.<\/h2>\n<h2><img loading=\"lazy\" decoding=\"async\" class=\"alignnone wp-image-4581\" style=\"font-size: 16px;\" src=\"https:\/\/escolaestevebarrachina.cat\/wp-content\/uploads\/2018\/11\/hands_colorful-1-860x280-300x98.png\" alt=\"\" width=\"416\" height=\"136\" \/><\/h2>\n<p>Ens trobem davant unes noves eleccions del Consell Escolar de la nostra escola. Aquest \u00e9s el fet m\u00e9s important de participaci\u00f3 i comprom\u00eds que pot exercir la comunitat educativa per tractar temes de rellev\u00e0ncia per a l&#8217;educaci\u00f3 dels nostres infants. Les decisions que es prenen al Consell Escolar s\u00f3n decisives per al funcionament i la millora del centre. \u00c9s per aquest motiu que la vostra participaci\u00f3 i implicaci\u00f3 en les eleccions al Consell \u00e9s tan important.<\/p>\n<p>QU\u00c8 \u00c9S EL CONSELL ESCOLAR DEL CENTRE?<br \/>\n\u00c9s l\u2019\u00f2rgan col\u2022legiat de participaci\u00f3 dels diferents sectors de la comunitat educativa en el govern dels centres educatius.<\/p>\n<p>QUI FORMA EL CONSELL ESCOLAR?<br \/>\n\u2022El\/la director\/a del centre que n\u2019\u00e9s el\/la President\/a.<br \/>\n\u2022El\/la Cap d\u2019Estudis.<br \/>\n\u2022Un regidor\/a o representant de l\u2019Ajuntament.<br \/>\n\u2022Un nombre de representants de pares\/mares o tutors legals dels alumnes (eleccions).<br \/>\n\u2022Un nombre de representants de docents del centre (eleccions).<br \/>\n\u2022Un\/a representant de l\u2019AMPA que pertany al sector pares.<br \/>\n\u2022Un\/a representant del personal d\u2019administraci\u00f3 i serveis.<br \/>\n\u2022Un representant del personal d\u2019atenci\u00f3 educativa.<br \/>\n\u2022El\/la secretari\/\u00e0ria del centre que actua de secretari\/a del Consell.<\/p>\n<p>QU\u00c8 CAL FER PER SER CANDIDAT?<br \/>\nPresentar la seva candidatura al Director\/a de l\u2019escola dins del per\u00edode del 6 de novembre al 16 de novembre de 9:00 a 16:30h.<br \/>\nCal omplir un impr\u00e8s a secretaria i signar-ho. La mesa electoral de cada sector comprovar\u00e0 si s\u00f3n al cens els candidats i far\u00e0 p\u00fabliques les candidatures el 20 de novembre, al plaf\u00f3 del costat de l\u2019AMPA.<\/p>\n<p>CONDICI\u00d3 DE MEMBRE ELECTE:<br \/>\nLa condici\u00f3 de membre electe del consell escolar s\u2019adquireix per quatre anys.<br \/>\nEnguany cal renovar un\/a membre del sector fam\u00edlies i tres del sector professorat.<\/p>\n<p>S\u00d3N COMPET\u00c8NCIES DEL CONSELL ESCOLAR:<br \/>\n\u2022Aprovar el projecte educatiu i les modificacions corresponents per a una majoria de tres cinquenes parts dels membres.<br \/>\n\u2022Aprovar la programaci\u00f3 general anual del centre i avaluar-ne el desenvolupament i els resultats.<br \/>\n\u2022Aprovar les propostes d\u2019acords de coresponsabilitat, convenis i altres acords de col\u2022laboraci\u00f3 del centre amb entitats o institucions.<br \/>\n\u2022Aprovar les normes d\u2019organitzaci\u00f3 i funcionament i les modificacions corresponents.<br \/>\n\u2022Aprovar la carta de comprom\u00eds educatiu.<br \/>\n\u2022Aprovar el pressupost del centre i el rendiment de comptes.<br \/>\n\u2022Intervenir en el procediment d\u2019admissi\u00f3 d\u2019alumnes.<br \/>\n\u2022Intervenir en la resoluci\u00f3 de conflictes, i si cal, revisar les sancions.<br \/>\n\u2022Participar en la selecci\u00f3 i en la proposta de cessament del director.<br \/>\n\u2022Aprovar les directrius per a la programaci\u00f3 d\u2019activitats escolars complement\u00e0ries i d\u2019activitats extraescolars i avaluar-ne el seu desenvolupament.<br \/>\n\u00b7Participar en l\u2019an\u00e0lisi i l\u2019avaluaci\u00f3 del funcionament general del centre i con\u00e8ixer l\u2019evoluci\u00f3 del rendiment escolar.<br \/>\n\u2022Aprovar els criteris de col\u2022laboraci\u00f3 amb altres centres i ambl\u2019entorn.<br \/>\n\u2022Qualsevol altra que li sigui atribu\u00efda per les normes legals o reglament\u00e0ries.<\/p>\n<p>CALENDARI ELECCIONS CONSELL ESCOLAR<\/p>\n<p>6 de novembre: Convocat\u00f2ria eleccions Consell Escolar.<br \/>\nPublicaci\u00f3 del cens electoral sector pares i mares dels alumnes i sector professors.<br \/>\nInici de presentaci\u00f3 de candidatures dels diferents sectors: mares i pares, PAS i professors.<br \/>\n7 i 8 de novembre: Reclamacions del cens electoral.<br \/>\n9 de novembre: sorteig dels vocals de la mesa electoral del sector pares i mares a la 15:15h a la sala de mestres.<br \/>\n12 de novembre: Constituci\u00f3 de la mesa electoral del sector professorat.<br \/>\n16 de novembre: Data l\u00edmit per presentar candidatures del sector pares i mares.<br \/>\n20 de novembre: Publicaci\u00f3 dels candidats al plaf\u00f3 del costat de l\u2019AMPA.<br \/>\n21 de novembre: Publicaci\u00f3 del cens definitiu.<br \/>\n22 de novembre: Sol\u2022licitud per actuar com a supervisor.<br \/>\n27 de novembre: Votaci\u00f3 del sector professorat.<br \/>\n28 de novembre: Votaci\u00f3 del sector pares i mares de 9:00 a 16:30.<br \/>\n30 de novembre: Publicaci\u00f3 dels resultats de les eleccions.<br \/>\n10 de desembre: Constituci\u00f3 del nou Consell Escolar<\/p>\n","protected":false},"excerpt":{"rendered":"<p>S&#8217;ha obert el per\u00edode d&#8217;eleccions al Consell Escolar.<\/p>\n<p>Ens trobem davant unes noves eleccions del Consell Escolar de la nostra escola. Aquest \u00e9s el fet m\u00e9s important de participaci\u00f3 i comprom\u00eds que pot exercir la comunitat educativa per tractar temes de rellev\u00e0ncia per a l&#8217;educaci\u00f3 dels&hellip;  <a href=\"https:\/\/agora.xtec.cat\/escolaestevebarrachina\/escola-estebe-barrachina\/eleccions-al-consell-escolar\/\" title=\"Read Eleccions al Consell Escolar\">Llegeix m\u00e9s\u00bb<\/a><\/p>\n","protected":false},"author":1,"featured_media":4581,"comment_status":"open","ping_status":"open","sticky":false,"template":"","format":"standard","meta":{"_bbp_topic_count":0,"_bbp_reply_count":0,"_bbp_total_topic_count":0,"_bbp_total_reply_count":0,"_bbp_voice_count":0,"_bbp_anonymous_reply_count":0,"_bbp_topic_count_hidden":0,"_bbp_reply_count_hidden":0,"_bbp_forum_subforum_count":0,"footnotes":""},"categories":[86,85],"tags":[],"class_list":["post-4572","post","type-post","status-publish","format-standard","has-post-thumbnail","hentry","category-blog","category-escola-estebe-barrachina"],"post_mailing_queue_ids":[],"_links":{"self":[{"href":"https:\/\/agora.xtec.cat\/escolaestevebarrachina\/wp-json\/wp\/v2\/posts\/4572","targetHints":{"allow":["GET"]}}],"collection":[{"href":"https:\/\/agora.xtec.cat\/escolaestevebarrachina\/wp-json\/wp\/v2\/posts"}],"about":[{"href":"https:\/\/agora.xtec.cat\/escolaestevebarrachina\/wp-json\/wp\/v2\/types\/post"}],"author":[{"embeddable":true,"href":"https:\/\/agora.xtec.cat\/escolaestevebarrachina\/wp-json\/wp\/v2\/users\/1"}],"replies":[{"embeddable":true,"href":"https:\/\/agora.xtec.cat\/escolaestevebarrachina\/wp-json\/wp\/v2\/comments?post=4572"}],"version-history":[{"count":0,"href":"https:\/\/agora.xtec.cat\/escolaestevebarrachina\/wp-json\/wp\/v2\/posts\/4572\/revisions"}],"wp:featuredmedia":[{"embeddable":true,"href":"https:\/\/agora.xtec.cat\/escolaestevebarrachina\/wp-json\/"}],"wp:attachment":[{"href":"https:\/\/agora.xtec.cat\/escolaestevebarrachina\/wp-json\/wp\/v2\/media?parent=4572"}],"wp:term":[{"taxonomy":"category","embeddable":true,"href":"https:\/\/agora.xtec.cat\/escolaestevebarrachina\/wp-json\/wp\/v2\/categories?post=4572"},{"taxonomy":"post_tag","embeddable":true,"href":"https:\/\/agora.xtec.cat\/escolaestevebarrachina\/wp-json\/wp\/v2\/tags?post=4572"}],"curies":[{"name":"wp","href":"https:\/\/api.w.org\/{rel}","templated":true}]}}