{"id":4491,"date":"2018-06-15T15:12:15","date_gmt":"2018-06-15T13:12:15","guid":{"rendered":"https:\/\/escolaestevebarrachina.cat\/?p=4491"},"modified":"2018-06-15T15:12:15","modified_gmt":"2018-06-15T13:12:15","slug":"aquesta-quinzena-escoltem-al-mar-manel","status":"publish","type":"post","link":"https:\/\/agora.xtec.cat\/escolaestevebarrachina\/blog\/aquesta-quinzena-escoltem-al-mar-manel\/","title":{"rendered":"Aquesta quinzena escoltem&#8230; &#8220;Al mar&#8221; (Manel)"},"content":{"rendered":"<p>Amb l&#8217;arribada de l&#8217;estiu, les vacances i les ganes d&#8217;anar a la platja, l&#8217;\u00faltima audici\u00f3 d&#8217;aquest curs \u00e9s &#8220;Al mar&#8221; dels Manel.<\/p>\n<p><b>Manel<\/b>\u00a0\u00e9s un grup de m\u00fasica de\u00a0<a title=\"Barcelona\" href=\"https:\/\/ca.wikipedia.org\/wiki\/Barcelona\">Barcelona<\/a>. Les seves can\u00e7ons barregen el pop amb m\u00fasica folkl\u00f2rica.<sup id=\"cite_ref-vilaweb_1-0\" class=\"reference\"><\/sup><sup id=\"cite_ref-2\" class=\"reference\"><\/sup>\u00a0Van llan\u00e7ar el seu primer disc al mercat l&#8217;any 2008, titulat\u00a0<i><a title=\"Els millors professors europeus\" href=\"https:\/\/ca.wikipedia.org\/wiki\/Els_millors_professors_europeus\">Els millors professors europeus<\/a><\/i>; el segon,\u00a0<i><a title=\"10 milles per veure una bona armadura\" href=\"https:\/\/ca.wikipedia.org\/wiki\/10_milles_per_veure_una_bona_armadura\">10 milles per veure una bona armadura<\/a><\/i>, el 2011; el tercer,\u00a0<i><a title=\"Atletes, baixin de l'escenari\" href=\"https:\/\/ca.wikipedia.org\/wiki\/Atletes,_baixin_de_l%27escenari\">Atletes, baixin de l&#8217;escenari<\/a><\/i>, el 2013 i el quart,\u00a0<i><a title=\"Jo competeixo\" href=\"https:\/\/ca.wikipedia.org\/wiki\/Jo_competeixo\">Jo competeixo<\/a><\/i>, el 2016.<\/p>\n<p>&#8220;Al mar&#8221; pertany al seu primer disc &#8220;Els millors professors europeus&#8221; del 2008.<\/p>\n<p><iframe loading=\"lazy\" title=\"Manel - Al mar!\" width=\"500\" height=\"281\" src=\"https:\/\/www.youtube.com\/embed\/pTTqiM4k1-w?feature=oembed\" frameborder=\"0\" allow=\"accelerometer; autoplay; clipboard-write; encrypted-media; gyroscope; picture-in-picture; web-share\" referrerpolicy=\"strict-origin-when-cross-origin\" allowfullscreen><\/iframe><\/p>\n<p>&nbsp;<\/p>\n<p>Amb aquesta audici\u00f3 posem fi al recull de can\u00e7ons en catal\u00e0 dels \u00faltims 40 anys que hem escoltat al llarg del curs. Aqu\u00ed en teniu un recordatori:<\/p>\n<p>Sopa de Cabra: \u201cLluita pels teus somnis\u201d<\/p>\n<p>Clara Peya: \u201cM\u2019\u00e9s igual si avui plou\u201d<\/p>\n<p>Joan Colomo: \u201cM\u00e0gic\u201d<\/p>\n<p>Llu\u00eds Llach: \u201cPa\u00eds petit\u201d<\/p>\n<p>Judith Neddermann: \u201cVoldria que fossis aqu\u00ed\u201d<\/p>\n<p>Obeses: \u201cRegala petons\u201d<\/p>\n<p>Gossos. \u201cCorren\u201d<\/p>\n<p>Guillem Roma: \u201cEl salt\u201d<\/p>\n<p>Maria Rod\u00e9s: \u201cMirall\u201d<\/p>\n<p>Blaumut: \u201cPa amb oli i sal\u201d<\/p>\n<p>Quimi Portet: \u201cLa Rambla\u201d<\/p>\n<p>Els Pets: \u201cEst\u00e0 plovent\u201d<\/p>\n<p>Les Anxovetes: \u201cTornar\u00e9\u201d<\/p>\n<p>Txarango: \u201cAmagada primavera\u201d<\/p>\n<p>Joan Manel Serrat: \u201cLa\u00a0 Carmeta\u201d<\/p>\n<p>Sau: \u201cMai ser\u00e9 prou bo per tu\u201d<\/p>\n<p>Mazoni: \u201cEuf\u00f2ria\u201d<\/p>\n<p>Manel: \u201cAl mar\u201d<\/p>\n<p>&nbsp;<\/p>\n<p>BON ESTIU!!!<\/p>\n","protected":false},"excerpt":{"rendered":"<p>Amb l&#8217;arribada de l&#8217;estiu, les vacances i les ganes d&#8217;anar a la platja, l&#8217;\u00faltima audici\u00f3 d&#8217;aquest curs \u00e9s &#8220;Al mar&#8221; dels Manel.<br \/>\nManel\u00a0\u00e9s un grup de m\u00fasica de\u00a0<a title=\"Barcelona\" href=\"https:\/\/ca.wikipedia.org\/wiki\/Barcelona\">Barcelona<\/a>. Les seves can\u00e7ons barregen el pop amb m\u00fasica folkl\u00f2rica.\u00a0Van llan\u00e7ar el seu primer disc al mercat&hellip;  <a href=\"https:\/\/agora.xtec.cat\/escolaestevebarrachina\/blog\/aquesta-quinzena-escoltem-al-mar-manel\/\" title=\"Read Aquesta quinzena escoltem&#8230; &#8220;Al mar&#8221; (Manel)\">Llegeix m\u00e9s\u00bb<\/a><\/p>\n","protected":false},"author":1,"featured_media":4492,"comment_status":"open","ping_status":"open","sticky":false,"template":"","format":"standard","meta":{"_bbp_topic_count":0,"_bbp_reply_count":0,"_bbp_total_topic_count":0,"_bbp_total_reply_count":0,"_bbp_voice_count":0,"_bbp_anonymous_reply_count":0,"_bbp_topic_count_hidden":0,"_bbp_reply_count_hidden":0,"_bbp_forum_subforum_count":0,"footnotes":""},"categories":[86],"tags":[],"class_list":["post-4491","post","type-post","status-publish","format-standard","has-post-thumbnail","hentry","category-blog"],"post_mailing_queue_ids":[],"_links":{"self":[{"href":"https:\/\/agora.xtec.cat\/escolaestevebarrachina\/wp-json\/wp\/v2\/posts\/4491","targetHints":{"allow":["GET"]}}],"collection":[{"href":"https:\/\/agora.xtec.cat\/escolaestevebarrachina\/wp-json\/wp\/v2\/posts"}],"about":[{"href":"https:\/\/agora.xtec.cat\/escolaestevebarrachina\/wp-json\/wp\/v2\/types\/post"}],"author":[{"embeddable":true,"href":"https:\/\/agora.xtec.cat\/escolaestevebarrachina\/wp-json\/wp\/v2\/users\/1"}],"replies":[{"embeddable":true,"href":"https:\/\/agora.xtec.cat\/escolaestevebarrachina\/wp-json\/wp\/v2\/comments?post=4491"}],"version-history":[{"count":0,"href":"https:\/\/agora.xtec.cat\/escolaestevebarrachina\/wp-json\/wp\/v2\/posts\/4491\/revisions"}],"wp:featuredmedia":[{"embeddable":true,"href":"https:\/\/agora.xtec.cat\/escolaestevebarrachina\/wp-json\/"}],"wp:attachment":[{"href":"https:\/\/agora.xtec.cat\/escolaestevebarrachina\/wp-json\/wp\/v2\/media?parent=4491"}],"wp:term":[{"taxonomy":"category","embeddable":true,"href":"https:\/\/agora.xtec.cat\/escolaestevebarrachina\/wp-json\/wp\/v2\/categories?post=4491"},{"taxonomy":"post_tag","embeddable":true,"href":"https:\/\/agora.xtec.cat\/escolaestevebarrachina\/wp-json\/wp\/v2\/tags?post=4491"}],"curies":[{"name":"wp","href":"https:\/\/api.w.org\/{rel}","templated":true}]}}