{"id":4457,"date":"2018-06-10T19:08:10","date_gmt":"2018-06-10T17:08:10","guid":{"rendered":"https:\/\/escolaestevebarrachina.cat\/?p=4457"},"modified":"2018-06-10T19:08:10","modified_gmt":"2018-06-10T17:08:10","slug":"corpus-2018","status":"publish","type":"post","link":"https:\/\/agora.xtec.cat\/escolaestevebarrachina\/escola-estebe-barrachina\/corpus-2018\/","title":{"rendered":"Corpus 2018"},"content":{"rendered":"<p>Una vegada m\u00e9s ens hem trobat molt d&#8217;hora per al disseny de la catifa guanyadora&#8230;.<\/p>\n<p>Espera, espeeera, que he comen\u00e7at pel final!!<\/p>\n<p>Voleu saber primer quines han estat les catifes guayanyadores d&#8217;aquest any, oi?<\/p>\n<p>Doncs b\u00e9, comencem.<\/p>\n<p>Divendres 1 de juny, ten\u00edem tots els preparatius per a l&#8217;entrega dels premis que es va fer com sempre a les estraordin\u00e0ries grades del pati.<\/p>\n<p><img loading=\"lazy\" decoding=\"async\" class=\"alignleft wp-image-4458 size-full\" src=\"https:\/\/escolaestevebarrachina.cat\/wp-content\/uploads\/2018\/06\/IMG_20180601_154335_370.jpg\" alt=\"\" width=\"4608\" height=\"3456\" \/>\u00a0<img loading=\"lazy\" decoding=\"async\" class=\"alignleft size-full wp-image-4474\" src=\"https:\/\/escolaestevebarrachina.cat\/wp-content\/uploads\/2018\/06\/41996749154_0f1a4267b0_z.jpg\" alt=\"\" width=\"480\" height=\"640\" \/>El presentador i ajudant de l&#8217;acte va ser\u00a0 l&#8217;Oriol Rodr\u00edguez de 1rA. Oriol,\u00a0 ser\u00e0s un gran presentador!!!<\/p>\n<p>Els premiats d&#8217;enguany va ser:<\/p>\n<figure class=\"figure wp-caption alignleft\"><img loading=\"lazy\" decoding=\"async\" class=\"wp-image-4459 size-full\" src=\"https:\/\/escolaestevebarrachina.cat\/wp-content\/uploads\/2018\/06\/IMG_20180601_155707_291.jpg\" alt=\"\" width=\"3456\" height=\"4608\" \/><figcaption class=\"wp-caption-text\">Laia Rem\u00f3n de 1rA<\/figcaption><\/figure>\n<figure class=\"figure wp-caption alignleft\"><img loading=\"lazy\" decoding=\"async\" class=\"wp-image-4460 size-full\" src=\"https:\/\/escolaestevebarrachina.cat\/wp-content\/uploads\/2018\/06\/IMG_20180601_155747_723.jpg\" alt=\"\" width=\"2313\" height=\"3456\" \/><figcaption class=\"wp-caption-text\">Claudia \u00c1lvarez de 1rB<\/figcaption><\/figure>\n<figure class=\"figure wp-caption alignleft\"><img loading=\"lazy\" decoding=\"async\" class=\"wp-image-4461 size-full\" src=\"https:\/\/escolaestevebarrachina.cat\/wp-content\/uploads\/2018\/06\/IMG_20180601_155822_168.jpg\" alt=\"\" width=\"3456\" height=\"4608\" \/><figcaption class=\"wp-caption-text\">Yara Uzcategui de 2nA<\/figcaption><\/figure>\n<figure class=\"figure wp-caption alignleft\"><img loading=\"lazy\" decoding=\"async\" class=\"wp-image-4462 size-full\" src=\"https:\/\/escolaestevebarrachina.cat\/wp-content\/uploads\/2018\/06\/IMG_20180601_155853_851.jpg\" alt=\"\" width=\"3456\" height=\"4608\" \/><figcaption class=\"wp-caption-text\">Guillem Siles de 2nB<\/figcaption><\/figure>\n<figure class=\"figure wp-caption alignleft\"><img loading=\"lazy\" decoding=\"async\" class=\"wp-image-4463 size-full\" src=\"https:\/\/escolaestevebarrachina.cat\/wp-content\/uploads\/2018\/06\/IMG_20180601_155928_815.jpg\" alt=\"\" width=\"3456\" height=\"4608\" \/><figcaption class=\"wp-caption-text\">Mar Fresneda de 3rA<\/figcaption><\/figure>\n<figure class=\"figure wp-caption alignleft\"><img loading=\"lazy\" decoding=\"async\" class=\"wp-image-4464 size-full\" src=\"https:\/\/escolaestevebarrachina.cat\/wp-content\/uploads\/2018\/06\/IMG_20180601_160004_986.jpg\" alt=\"\" width=\"3456\" height=\"4608\" \/><figcaption class=\"wp-caption-text\">Vinyet Mas de 3rB<\/figcaption><\/figure>\n<figure class=\"figure wp-caption alignleft\"><img loading=\"lazy\" decoding=\"async\" class=\"wp-image-4465 size-full\" src=\"https:\/\/escolaestevebarrachina.cat\/wp-content\/uploads\/2018\/06\/IMG_20180601_160038_286.jpg\" alt=\"\" width=\"3456\" height=\"4608\" \/><figcaption class=\"wp-caption-text\">Lola Taylor de 4tA<\/figcaption><\/figure>\n<figure class=\"figure wp-caption alignleft\"><img loading=\"lazy\" decoding=\"async\" class=\"wp-image-4466 size-full\" src=\"https:\/\/escolaestevebarrachina.cat\/wp-content\/uploads\/2018\/06\/IMG_20180601_160119_353.jpg\" alt=\"\" width=\"3456\" height=\"4608\" \/><figcaption class=\"wp-caption-text\">In\u00e9s Ant\u00f3n de 4tB<\/figcaption><\/figure>\n<figure class=\"figure wp-caption alignleft\"><img loading=\"lazy\" decoding=\"async\" class=\"wp-image-4467 size-full\" src=\"https:\/\/escolaestevebarrachina.cat\/wp-content\/uploads\/2018\/06\/IMG_20180601_160201_862.jpg\" alt=\"\" width=\"3456\" height=\"4608\" \/><figcaption class=\"wp-caption-text\">Judith Forga de 5\u00e8A<\/figcaption><\/figure>\n<figure class=\"figure wp-caption alignleft\"><img loading=\"lazy\" decoding=\"async\" class=\"wp-image-4468 size-full\" src=\"https:\/\/escolaestevebarrachina.cat\/wp-content\/uploads\/2018\/06\/IMG_20180601_160244_818.jpg\" alt=\"\" width=\"3456\" height=\"4608\" \/><figcaption class=\"wp-caption-text\">Elisenda Marcet de 5\u00e8B<\/figcaption><\/figure>\n<figure class=\"figure wp-caption alignleft\"><img loading=\"lazy\" decoding=\"async\" class=\"wp-image-4469 size-full\" src=\"https:\/\/escolaestevebarrachina.cat\/wp-content\/uploads\/2018\/06\/IMG_20180601_160332_257.jpg\" alt=\"\" width=\"3456\" height=\"4608\" \/><figcaption class=\"wp-caption-text\">Carlos Aguilera de 6\u00e8A<\/figcaption><\/figure>\n<figure class=\"figure wp-caption alignleft\"><img loading=\"lazy\" decoding=\"async\" class=\"wp-image-4470 size-full\" src=\"https:\/\/escolaestevebarrachina.cat\/wp-content\/uploads\/2018\/06\/IMG_20180601_160416_842.jpg\" alt=\"\" width=\"2624\" height=\"4058\" \/><figcaption class=\"wp-caption-text\">Bruna Mart\u00ednez de 6\u00e8B<\/figcaption><\/figure>\n<p>La Catifa guanyadora, que es va dissenyar, va ser la de&#8217;n<\/p>\n<figure class=\"figure wp-caption alignleft\"><img loading=\"lazy\" decoding=\"async\" class=\"wp-image-4471 size-full\" src=\"https:\/\/escolaestevebarrachina.cat\/wp-content\/uploads\/2018\/06\/IMG_20180601_160503_189.jpg\" alt=\"\" width=\"4608\" height=\"3456\" \/><figcaption class=\"wp-caption-text\">Guillem Folch de 5\u00e8A<\/figcaption><\/figure>\n<figure class=\"figure wp-caption alignleft\"><img loading=\"lazy\" decoding=\"async\" class=\"wp-image-4472 size-full\" src=\"https:\/\/escolaestevebarrachina.cat\/wp-content\/uploads\/2018\/06\/IMG_20180601_160621_667.jpg\" alt=\"\" width=\"4608\" height=\"3456\" \/><figcaption class=\"wp-caption-text\">Tots els premiats<\/figcaption><\/figure>\n<figure class=\"figure wp-caption alignleft\"><img loading=\"lazy\" decoding=\"async\" class=\"wp-image-4473 size-full\" src=\"https:\/\/escolaestevebarrachina.cat\/wp-content\/uploads\/2018\/06\/IMG_20180601_164537_954.jpg\" alt=\"\" width=\"4600\" height=\"2588\" \/><figcaption class=\"wp-caption-text\">Les catifes<\/figcaption><\/figure>\n<p>Su us sembla b\u00e9, ara continuarem en el punt en el qu\u00e8 ens hav\u00edem quedat.<\/p>\n<p>Malgrat la son, elles, l&#8217;Aida i l&#8217;Eli van comen\u00e7ar el dibuix la nit anterior.<\/p>\n<p><img loading=\"lazy\" decoding=\"async\" class=\"alignleft size-full wp-image-4476\" src=\"https:\/\/escolaestevebarrachina.cat\/wp-content\/uploads\/2018\/06\/41814921995_73b429eff5_z.jpg\" alt=\"\" width=\"640\" height=\"360\" \/><\/p>\n<p>Com us deia en comen\u00e7ar aquest relat, ens v\u00e0rem trobar ben d&#8217;hora a l&#8217;escola per desfullar primer els clavells i per dissenyar la catifa m\u00e9s tard.<\/p>\n<p><img loading=\"lazy\" decoding=\"async\" class=\"alignleft size-full wp-image-4477\" src=\"https:\/\/escolaestevebarrachina.cat\/wp-content\/uploads\/2018\/06\/41814922505_9eae5cef39_z.jpg\" alt=\"\" width=\"480\" height=\"640\" \/> <img loading=\"lazy\" decoding=\"async\" class=\"alignleft size-full wp-image-4475\" src=\"https:\/\/escolaestevebarrachina.cat\/wp-content\/uploads\/2018\/06\/41814923045_8ab4e53386_z.jpg\" alt=\"\" width=\"480\" height=\"640\" \/><br \/>\n<img loading=\"lazy\" decoding=\"async\" class=\"alignleft size-full wp-image-4479\" src=\"https:\/\/escolaestevebarrachina.cat\/wp-content\/uploads\/2018\/06\/40904521160_97bf1a5375_z.jpg\" alt=\"\" width=\"640\" height=\"480\" \/><\/p>\n<p>Enguany no van ser els Gegants , sin\u00f3 la pluja,\u00a0 qui la va desfer.<img loading=\"lazy\" decoding=\"async\" class=\"alignleft size-full wp-image-4478\" src=\"https:\/\/escolaestevebarrachina.cat\/wp-content\/uploads\/2018\/06\/42714581131_7257af1124_z.jpg\" alt=\"\" width=\"480\" height=\"640\" \/><img loading=\"lazy\" decoding=\"async\" class=\"alignleft size-full wp-image-4483\" src=\"https:\/\/escolaestevebarrachina.cat\/wp-content\/uploads\/2018\/06\/41814925935_124b14b9b5_z.jpg\" alt=\"\" width=\"360\" height=\"640\" \/><br \/>\n<a href=\"https:\/\/www.flickr.com\/photos\/105651434@N04\/albums\/72157667935273767\">ANAR A LA GALERIA DE FOTOS<\/a><\/p>\n","protected":false},"excerpt":{"rendered":"<p>Una vegada m\u00e9s ens hem trobat molt d&#8217;hora per al disseny de la catifa guanyadora&#8230;.<br \/>\nEspera, espeeera, que he comen\u00e7at pel final!!<br \/>\nVoleu saber primer quines han estat les catifes guayanyadores d&#8217;aquest any, oi?<br \/>\nDoncs b\u00e9, comencem.<br \/>\nDivendres 1 de juny, ten\u00edem tots els preparatius per a l&#8217;entrega dels&hellip;  <a href=\"https:\/\/agora.xtec.cat\/escolaestevebarrachina\/escola-estebe-barrachina\/corpus-2018\/\" title=\"Read Corpus 2018\">Llegeix m\u00e9s\u00bb<\/a><\/p>\n","protected":false},"author":1,"featured_media":4478,"comment_status":"open","ping_status":"open","sticky":false,"template":"","format":"standard","meta":{"_bbp_topic_count":0,"_bbp_reply_count":0,"_bbp_total_topic_count":0,"_bbp_total_reply_count":0,"_bbp_voice_count":0,"_bbp_anonymous_reply_count":0,"_bbp_topic_count_hidden":0,"_bbp_reply_count_hidden":0,"_bbp_forum_subforum_count":0,"footnotes":""},"categories":[86,85],"tags":[140],"class_list":["post-4457","post","type-post","status-publish","format-standard","has-post-thumbnail","hentry","category-blog","category-escola-estebe-barrachina","tag-corpus"],"post_mailing_queue_ids":[],"_links":{"self":[{"href":"https:\/\/agora.xtec.cat\/escolaestevebarrachina\/wp-json\/wp\/v2\/posts\/4457","targetHints":{"allow":["GET"]}}],"collection":[{"href":"https:\/\/agora.xtec.cat\/escolaestevebarrachina\/wp-json\/wp\/v2\/posts"}],"about":[{"href":"https:\/\/agora.xtec.cat\/escolaestevebarrachina\/wp-json\/wp\/v2\/types\/post"}],"author":[{"embeddable":true,"href":"https:\/\/agora.xtec.cat\/escolaestevebarrachina\/wp-json\/wp\/v2\/users\/1"}],"replies":[{"embeddable":true,"href":"https:\/\/agora.xtec.cat\/escolaestevebarrachina\/wp-json\/wp\/v2\/comments?post=4457"}],"version-history":[{"count":0,"href":"https:\/\/agora.xtec.cat\/escolaestevebarrachina\/wp-json\/wp\/v2\/posts\/4457\/revisions"}],"wp:featuredmedia":[{"embeddable":true,"href":"https:\/\/agora.xtec.cat\/escolaestevebarrachina\/wp-json\/"}],"wp:attachment":[{"href":"https:\/\/agora.xtec.cat\/escolaestevebarrachina\/wp-json\/wp\/v2\/media?parent=4457"}],"wp:term":[{"taxonomy":"category","embeddable":true,"href":"https:\/\/agora.xtec.cat\/escolaestevebarrachina\/wp-json\/wp\/v2\/categories?post=4457"},{"taxonomy":"post_tag","embeddable":true,"href":"https:\/\/agora.xtec.cat\/escolaestevebarrachina\/wp-json\/wp\/v2\/tags?post=4457"}],"curies":[{"name":"wp","href":"https:\/\/api.w.org\/{rel}","templated":true}]}}