{"id":4451,"date":"2018-06-03T14:11:29","date_gmt":"2018-06-03T12:11:29","guid":{"rendered":"https:\/\/escolaestevebarrachina.cat\/?p=4451"},"modified":"2018-06-03T14:11:29","modified_gmt":"2018-06-03T12:11:29","slug":"aquesta-quinzena-escoltem-euforia-mazoni","status":"publish","type":"post","link":"https:\/\/agora.xtec.cat\/escolaestevebarrachina\/blog\/aquesta-quinzena-escoltem-euforia-mazoni\/","title":{"rendered":"Aquesta quinzena escoltem&#8230; &#8220;Euf\u00f2ria&#8221; (Mazoni)"},"content":{"rendered":"<p><b>Jaume Pla<\/b>, m\u00e9s conegut pel pseud\u00f2nim musical com <b>Mazoni<\/b>, \u00e9s un <a title=\"Cantautor\" href=\"https:\/\/ca.wikipedia.org\/wiki\/Cantautor\">cantautor<\/a> i\u00a0<a title=\"Productor musical\" href=\"https:\/\/ca.wikipedia.org\/wiki\/Productor_musical\">productor musical<\/a> <a title=\"Catalans\" href=\"https:\/\/ca.wikipedia.org\/wiki\/Catalans\">catal\u00e0<\/a>.<\/p>\n<p>Va formar el seu primer grup als 13 anys, junt amb Carles Sanjos\u00e9 (<a title=\"Sanjosex\" href=\"https:\/\/ca.wikipedia.org\/wiki\/Sanjosex\">Sanjosex<\/a>), i m\u00e9s tard va ser cantant de\u00a0<a class=\"new\" title=\"Holland Park (encara no existeix)\" href=\"https:\/\/ca.wikipedia.org\/w\/index.php?title=Holland_Park&amp;action=edit&amp;redlink=1\">Holland Park<\/a>, amb qui va publicar els discos <i>Welcome to Holland Park<\/i> (<a title=\"Bankrobber\" href=\"https:\/\/ca.wikipedia.org\/wiki\/Bankrobber\">Bankrobber<\/a>, 2002) i <i>Things were easier when we played music<\/i> (Bankrobber, 2004). Va abandonar la formaci\u00f3 l&#8217;any <a title=\"2004\" href=\"https:\/\/ca.wikipedia.org\/wiki\/2004\">2004<\/a> per comen\u00e7ar la seva carrera en solitari.<\/p>\n<p><iframe loading=\"lazy\" title=\"Mazoni - &quot;Euf\u00f2ria&quot;\" width=\"500\" height=\"375\" src=\"https:\/\/www.youtube.com\/embed\/60lX4gVjCGE?feature=oembed\" frameborder=\"0\" allow=\"accelerometer; autoplay; clipboard-write; encrypted-media; gyroscope; picture-in-picture; web-share\" referrerpolicy=\"strict-origin-when-cross-origin\" allowfullscreen><\/iframe><\/p>\n<p>L&#8217;audici\u00f3 anterior va ser &#8220;Mai ser\u00e9 pro bo per tu&#8221; \u00a0de\u00a0<b>Sau<\/b>\u00a0que fou un dels grups pioners del <a title=\"Rock catal\u00e0\" href=\"https:\/\/ca.wikipedia.org\/wiki\/Rock_catal%C3%A0\">rock catal\u00e0.\u00a0<\/a>\u00a0Els seus components eren\u00a0<a class=\"mw-redirect\" title=\"Carles Sabater\" href=\"https:\/\/ca.wikipedia.org\/wiki\/Carles_Sabater\">Carles Sabater<\/a>, cantant, <a title=\"Pep Sala\" href=\"https:\/\/ca.wikipedia.org\/wiki\/Pep_Sala\">Pep Sala<\/a>, que tocava la guitarra. El grup es va formar el <a title=\"1986\" href=\"https:\/\/ca.wikipedia.org\/wiki\/1986\">1987<\/a> i va estar en actiu fins al <a title=\"1999\" href=\"https:\/\/ca.wikipedia.org\/wiki\/1999\">1999<\/a>, quan va morir Carles Sabater de forma sobtada en acabar un concert \u00a0a\u00a0<a title=\"Vilafranca del Pened\u00e8s\" href=\"https:\/\/ca.wikipedia.org\/wiki\/Vilafranca_del_Pened%C3%A8s\">Vilafranca del Pened\u00e8s<\/a>.<\/p>\n<p><iframe loading=\"lazy\" title=\"Video tribut a Mai sere prou bo per tu de SAU\" width=\"500\" height=\"375\" src=\"https:\/\/www.youtube.com\/embed\/2TcNNjFydM0?feature=oembed\" frameborder=\"0\" allow=\"accelerometer; autoplay; clipboard-write; encrypted-media; gyroscope; picture-in-picture; web-share\" referrerpolicy=\"strict-origin-when-cross-origin\" allowfullscreen><\/iframe><\/p>\n<p>Entre totes dues audicions, \u00a0els dies previs al Gran Concert de Primavera, vam escoltar &#8220;Persones iguals&#8221; que parla sobre la igualtat de g\u00e8nere i que va ser la can\u00e7\u00f3 final en el concert dels alumnes de Cicle Mitj\u00e0 i Superior i &#8220;La Primavera&#8221; de Vivaldi que van interpretar els alumnes d&#8217;Infantil i Cicle Inicial<\/p>\n<p><iframe loading=\"lazy\" title=\"Persones Iguals  [Video Oficial] PeTaCa\" width=\"500\" height=\"281\" src=\"https:\/\/www.youtube.com\/embed\/gQ01wgIw0KY?feature=oembed\" frameborder=\"0\" allow=\"accelerometer; autoplay; clipboard-write; encrypted-media; gyroscope; picture-in-picture; web-share\" referrerpolicy=\"strict-origin-when-cross-origin\" allowfullscreen><\/iframe><\/p>\n<p><iframe loading=\"lazy\" title=\"Primavera. Allegro\" width=\"500\" height=\"375\" src=\"https:\/\/www.youtube.com\/embed\/oB1WHKgjgHQ?feature=oembed\" frameborder=\"0\" allow=\"accelerometer; autoplay; clipboard-write; encrypted-media; gyroscope; picture-in-picture; web-share\" referrerpolicy=\"strict-origin-when-cross-origin\" allowfullscreen><\/iframe><\/p>\n","protected":false},"excerpt":{"rendered":"<p>Jaume Pla, m\u00e9s conegut pel pseud\u00f2nim musical com Mazoni, \u00e9s un <a title=\"Cantautor\" href=\"https:\/\/ca.wikipedia.org\/wiki\/Cantautor\">cantautor<\/a> i\u00a0<a title=\"Productor musical\" href=\"https:\/\/ca.wikipedia.org\/wiki\/Productor_musical\">productor musical<\/a> <a title=\"Catalans\" href=\"https:\/\/ca.wikipedia.org\/wiki\/Catalans\">catal\u00e0<\/a>.<br \/>\nVa formar el seu primer grup als 13 anys, junt amb Carles Sanjos\u00e9 (<a title=\"Sanjosex\" href=\"https:\/\/ca.wikipedia.org\/wiki\/Sanjosex\">Sanjosex<\/a>), i m\u00e9s tard va ser cantant de\u00a0<a class=\"new\"&hellip;  <a href=\"https:\/\/agora.xtec.cat\/escolaestevebarrachina\/blog\/aquesta-quinzena-escoltem-euforia-mazoni\/\" title=\"Read Aquesta quinzena escoltem&#8230; &#8220;Euf\u00f2ria&#8221; (Mazoni)\">Llegeix m\u00e9s\u00bb<\/a><\/p>\n","protected":false},"author":1,"featured_media":4452,"comment_status":"open","ping_status":"open","sticky":false,"template":"","format":"standard","meta":{"_bbp_topic_count":0,"_bbp_reply_count":0,"_bbp_total_topic_count":0,"_bbp_total_reply_count":0,"_bbp_voice_count":0,"_bbp_anonymous_reply_count":0,"_bbp_topic_count_hidden":0,"_bbp_reply_count_hidden":0,"_bbp_forum_subforum_count":0,"footnotes":""},"categories":[86],"tags":[],"class_list":["post-4451","post","type-post","status-publish","format-standard","has-post-thumbnail","hentry","category-blog"],"post_mailing_queue_ids":[],"_links":{"self":[{"href":"https:\/\/agora.xtec.cat\/escolaestevebarrachina\/wp-json\/wp\/v2\/posts\/4451","targetHints":{"allow":["GET"]}}],"collection":[{"href":"https:\/\/agora.xtec.cat\/escolaestevebarrachina\/wp-json\/wp\/v2\/posts"}],"about":[{"href":"https:\/\/agora.xtec.cat\/escolaestevebarrachina\/wp-json\/wp\/v2\/types\/post"}],"author":[{"embeddable":true,"href":"https:\/\/agora.xtec.cat\/escolaestevebarrachina\/wp-json\/wp\/v2\/users\/1"}],"replies":[{"embeddable":true,"href":"https:\/\/agora.xtec.cat\/escolaestevebarrachina\/wp-json\/wp\/v2\/comments?post=4451"}],"version-history":[{"count":0,"href":"https:\/\/agora.xtec.cat\/escolaestevebarrachina\/wp-json\/wp\/v2\/posts\/4451\/revisions"}],"wp:featuredmedia":[{"embeddable":true,"href":"https:\/\/agora.xtec.cat\/escolaestevebarrachina\/wp-json\/"}],"wp:attachment":[{"href":"https:\/\/agora.xtec.cat\/escolaestevebarrachina\/wp-json\/wp\/v2\/media?parent=4451"}],"wp:term":[{"taxonomy":"category","embeddable":true,"href":"https:\/\/agora.xtec.cat\/escolaestevebarrachina\/wp-json\/wp\/v2\/categories?post=4451"},{"taxonomy":"post_tag","embeddable":true,"href":"https:\/\/agora.xtec.cat\/escolaestevebarrachina\/wp-json\/wp\/v2\/tags?post=4451"}],"curies":[{"name":"wp","href":"https:\/\/api.w.org\/{rel}","templated":true}]}}