{"id":4430,"date":"2018-05-27T13:26:38","date_gmt":"2018-05-27T11:26:38","guid":{"rendered":"https:\/\/escolaestevebarrachina.cat\/?p=4430"},"modified":"2018-05-27T13:26:38","modified_gmt":"2018-05-27T11:26:38","slug":"festa-societat-inclusiva-2","status":"publish","type":"post","link":"https:\/\/agora.xtec.cat\/escolaestevebarrachina\/blog\/festa-societat-inclusiva-2\/","title":{"rendered":"Festa Societat Inclusiva"},"content":{"rendered":"<p>Aquest dissabte 26 de maig es va celebrar la Festa per a la Societat Inclusiva , a la Fragata de Sitges. La iniciativa va comptar amb moltes activitats i espectacles. La nostra escola hi va tenir una participaci\u00f3 especial. Tots els nens i nenes de prim\u00e0ria van treballar la tem\u00e0tica de la inclusi\u00f3 de les persones amb discapacitat en la societat. Conjuntament van elaborar un Parlament que van llegir durant l&#8217;acte i que es resumia en aquesta frase:<\/p>\n<p><span style=\"font-family: Arial, serif;\"><span style=\"font-size: large;\"><span lang=\"ca-ES\"><b>NO ES TRACTA DE TENIR DRET A SER <\/b><\/span><\/span><\/span><span style=\"font-family: Arial, serif;\"><span style=\"font-size: large;\"><span lang=\"ca-ES\"><u><b>IGUALS<\/b><\/u><\/span><\/span><\/span><span style=\"font-family: Arial, serif;\"><span style=\"font-size: large;\"><span lang=\"ca-ES\"><b>, SIN\u00d3 A TENIR <\/b><\/span><\/span><\/span><span style=\"font-family: Arial, serif;\"><span style=\"font-size: large;\"><span lang=\"ca-ES\"><u><b>IGUAL<\/b><\/u><\/span><\/span><\/span><span style=\"font-family: Arial, serif;\"><span style=\"font-size: large;\"><span lang=\"ca-ES\"><b> DRET A SER DIFERENTS.<\/b><\/span><\/span><\/span><\/p>\n<p>Aqu\u00ed el podeu llegir tot:<\/p>\n<p align=\"CENTER\"><em><span style=\"font-family: Arial Black,serif;\"><span style=\"font-size: large;\"><span lang=\"ca-ES\"><u><b>PARLAMENT ESCOLA INCLUSIVA XV FESTA <\/b><\/u><\/span><\/span><\/span><\/em><\/p>\n<p align=\"CENTER\"><em><u> <span style=\"font-family: Arial Black,serif;\"><span style=\"font-size: large;\"><span lang=\"ca-ES\"><b>SITGES 2018<\/b><\/span><\/span><\/span><\/u><\/em><\/p>\n<p><em><span style=\"font-family: Arial,serif;\"><span style=\"font-size: large;\"><span lang=\"ca-ES\"><b>NO ES TRACTA DE TENIR DRET A SER <\/b><\/span><\/span><\/span><span style=\"font-family: Arial,serif;\"><span style=\"font-size: large;\"><span lang=\"ca-ES\"><u><b>IGUALS<\/b><\/u><\/span><\/span><\/span><span style=\"font-family: Arial,serif;\"><span style=\"font-size: large;\"><span lang=\"ca-ES\"><b>, SIN\u00d3 A TENIR <\/b><\/span><\/span><\/span><span style=\"font-family: Arial,serif;\"><span style=\"font-size: large;\"><span lang=\"ca-ES\"><u><b>IGUAL<\/b><\/u><\/span><\/span><\/span><span style=\"font-family: Arial,serif;\"><span style=\"font-size: large;\"><span lang=\"ca-ES\"><b> DRET A SER DIFERENTS.<\/b><\/span><\/span><\/span><\/em><\/p>\n<p align=\"JUSTIFY\"><em><span style=\"font-family: Arial,serif;\"><span style=\"font-size: large;\"><span lang=\"ca-ES\">Un any m\u00e9s les escoles de la Comarca del Garraf participem en el manifest de la XV edici\u00f3 de la Festa per una Societat Inclusiva. Les nenes i els nens hem reflexionat, a partir de la nostra pr\u00f2pia experi\u00e8ncia, viscuda en la inclusi\u00f3.<\/span><\/span><\/span><\/em><\/p>\n<p><em><span style=\"font-family: Arial,serif;\"><span style=\"font-size: large;\"><span lang=\"ca-ES\">Aquestes s\u00f3n les nostres aportacions:<\/span><\/span><\/span><\/em><\/p>\n<ul>\n<li><em><span style=\"font-family: Arial,serif;\"><span style=\"font-size: large;\"><span lang=\"ca-ES\">Les persones amb dificultats podem fer coses igual d\u2019extraordin\u00e0ries.<\/span><\/span><\/span><\/em><\/li>\n<li><em><span style=\"font-family: Arial,serif;\"><span style=\"font-size: large;\"><span lang=\"ca-ES\">La discriminaci\u00f3 no \u00e9s una opci\u00f3. Tots som diferents per\u00f2 per dins som iguals.<\/span><\/span><\/span><\/em><\/li>\n<li><em><span style=\"font-family: Arial,serif;\"><span style=\"font-size: large;\"><span lang=\"ca-ES\">Cada persona \u00e9s \u00fanica a la seva manera, per\u00f2 tots som iguals en sentiments.<\/span><\/span><\/span><\/em><\/li>\n<li><em><span style=\"font-family: Arial,serif;\"><span style=\"font-size: large;\"><span lang=\"ca-ES\">Cadasc\u00fa \u00e9s com \u00e9s, cadasc\u00fa t\u00e9 la seva habilitat.<\/span><\/span><\/span><\/em><\/li>\n<li><em><span style=\"font-family: Arial,serif;\"><span style=\"font-size: large;\"><span lang=\"ca-ES\">Que tinguis una discapacitat, no vol dir que no puguis superar-te.<\/span><\/span><\/span><\/em><\/li>\n<li><em><span style=\"font-family: Arial,serif;\"><span style=\"font-size: large;\"><span lang=\"ca-ES\">Fes all\u00f2 que vulguis fer, no et rendeixis mai, lluita pel teu somni.<\/span><\/span><\/span><\/em><\/li>\n<li><em><span style=\"font-family: Arial,serif;\"><span style=\"font-size: large;\"><span lang=\"ca-ES\">Tots som diferents, sigues tu mateix.<\/span><\/span><\/span><\/em><\/li>\n<li><em><span style=\"font-family: Arial,serif;\"><span style=\"font-size: large;\"><span lang=\"ca-ES\">Tots som diferents i ens hem de respectar tal com som. No hem de canviar als altres, hem de canviar nosaltres.<\/span><\/span><\/span><\/em><\/li>\n<li><em><span style=\"font-family: Arial,serif;\"><span style=\"font-size: large;\"><span lang=\"ca-ES\">Tots tenim petites dificultats que ens fan diferents per\u00f2, a l\u2019hora iguals.<\/span><\/span><\/span><\/em><\/li>\n<li><em><span style=\"font-family: Arial,serif;\"><span style=\"font-size: large;\"><span lang=\"ca-ES\">No mires a baix quan tens un problema, mira a dalt i segueix endavant.<\/span><\/span><\/span><\/em><\/li>\n<li><em><span style=\"font-family: Arial,serif;\"><span style=\"font-size: large;\"><span lang=\"ca-ES\">Tu i jo, fem un gran equip, ser diferents ens enriqueix.<\/span><\/span><\/span><\/em><\/li>\n<li><em><span style=\"font-family: Arial,serif;\"><span style=\"font-size: large;\"><span lang=\"ca-ES\">Mirem les capacitats&#8230; tots en tenim.<\/span><\/span><\/span><\/em><\/li>\n<li><em><span style=\"font-family: Arial,serif;\"><span style=\"font-size: large;\"><span lang=\"ca-ES\">Ning\u00fa es perfecte&#8230; tots tenim defectes.<\/span><\/span><\/span><\/em><\/li>\n<li><em><span style=\"font-family: Arial,serif;\"><span style=\"font-size: large;\"><span lang=\"ca-ES\">Tothom \u00e9s diferent&#8230; per\u00f2, no ha de ser un problema.<\/span><\/span><\/span><\/em><\/li>\n<li><em><span style=\"font-family: Arial,serif;\"><span style=\"font-size: large;\"><span lang=\"ca-ES\">La vida decideix com som, per\u00f2 nosaltres decidim com serem.<\/span><\/span><\/span><\/em><\/li>\n<li><em><span style=\"font-family: Arial,serif;\"><span style=\"font-size: large;\"><span lang=\"ca-ES\">Tots hem de posar la nostra molleta de pa per aconseguir un pa sencer i menjar-ne tots.<\/span><\/span><\/span><\/em><\/li>\n<li><em><span style=\"font-family: Arial,serif;\"><span style=\"font-size: large;\"><span lang=\"ca-ES\">\u00c9s un privilegi tenir companys amb discapacitat a l\u2019escola. Aix\u00ed aprenc a conviure.<\/span><\/span><\/span><\/em><\/li>\n<li><em><span style=\"font-family: Arial,serif;\"><span style=\"font-size: large;\"><span lang=\"ca-ES\">Tots som diferents&#8230; \u00e9s la vida.<\/span><\/span><\/span><\/em><\/li>\n<li><em><span style=\"font-family: Arial,serif;\"><span style=\"font-size: large;\"><span lang=\"ca-ES\">Totes les persones tenim dret a ser feli\u00e7os&#8230; siguem com siguem.<\/span><\/span><\/span><\/em><\/li>\n<li><em><span style=\"font-family: Arial,serif;\"><span style=\"font-size: large;\"><span lang=\"ca-ES\">Tots som especials&#8230; tos tenim un d\u00f2&#8230;<\/span><\/span><\/span><\/em><\/li>\n<li><em><span style=\"font-family: Arial,serif;\"><span style=\"font-size: large;\"><span lang=\"ca-ES\">Tots som meravellosos i diferents perqu\u00e8 no som perfectes.<\/span><\/span><\/span><\/em><\/li>\n<li><em><span style=\"font-family: Arial,serif;\"><span style=\"font-size: large;\"><span lang=\"ca-ES\">M\u2019\u00e9s igual la difer\u00e8ncia&#8230; t\u00fa ets persona.<\/span><\/span><\/span><\/em><\/li>\n<\/ul>\n<p align=\"JUSTIFY\"><em><span style=\"font-family: Arial,serif;\"><span style=\"font-size: large;\"><span lang=\"ca-ES\">Aquests s\u00f3n els sentiments dels nens i nenes, per\u00f2 com a comunitat educativa volem manifestar que creiem en una escola que doni oportunitats a tothom perqu\u00e8 la diversitat ens fa m\u00e9s rics. Una escola que suma valors i normalitza la difer\u00e8ncia.<\/span><\/span><\/span><\/em><\/p>\n<p align=\"JUSTIFY\"><em><span style=\"font-family: Arial,serif;\"><span style=\"font-size: large;\"><span lang=\"ca-ES\">L\u2019any passat us d\u00e8iem que est\u00e0vem a les portes de l\u2019aprovaci\u00f3 del Nou Decret d\u2019Inclusi\u00f3 que havia de garantir que tots els centres educatius sostinguts amb fons p\u00fablics fossin inclusius Es va aprovar en el mes d\u2019octubre, per\u00f2 volem fer pal\u00e8s que no s\u2019ha pogut desenvolupar per les circumst\u00e0ncies viscudes.<\/span><\/span><\/span><\/em><\/p>\n<p align=\"JUSTIFY\"><em><span style=\"font-family: Arial,serif;\"><span style=\"font-size: large;\"><span lang=\"ca-ES\">\u00c9s per aix\u00f2 que cal seguir lluitant per l\u2019escola inclusiva, \u00e9s un dret i un deure i una necessitat per aconseguir una societat m\u00e9s justa i equitativa.<\/span><\/span><\/span><\/em><\/p>\n<p><em><span style=\"font-family: Arial,serif;\"><span style=\"font-size: large;\"><span lang=\"ca-ES\"><b>NO ES TRACTA DE TENIR DRET A SER <\/b><\/span><\/span><\/span><span style=\"font-family: Arial,serif;\"><span style=\"font-size: large;\"><span lang=\"ca-ES\"><u><b>IGUALS<\/b><\/u><\/span><\/span><\/span><span style=\"font-family: Arial,serif;\"><span style=\"font-size: large;\"><span lang=\"ca-ES\"><b>, SIN\u00d3 A TENIR <\/b><\/span><\/span><\/span><span style=\"font-family: Arial,serif;\"><span style=\"font-size: large;\"><span lang=\"ca-ES\"><u><b>IGUAL<\/b><\/u><\/span><\/span><\/span><span style=\"font-family: Arial,serif;\"><span style=\"font-size: large;\"><span lang=\"ca-ES\"><b> DRET A SER DIFERENTS.<\/b><\/span><\/span><\/span><\/em><\/p>\n","protected":false},"excerpt":{"rendered":"<p>Aquest dissabte 26 de maig es va celebrar la Festa per a la Societat Inclusiva , a la Fragata de Sitges. La iniciativa va comptar amb moltes activitats i espectacles. La nostra escola hi va tenir una participaci\u00f3 especial. Tots els nens i nenes de&hellip;  <a href=\"https:\/\/agora.xtec.cat\/escolaestevebarrachina\/blog\/festa-societat-inclusiva-2\/\" title=\"Read Festa Societat Inclusiva\">Llegeix m\u00e9s\u00bb<\/a><\/p>\n","protected":false},"author":1,"featured_media":4432,"comment_status":"open","ping_status":"open","sticky":false,"template":"","format":"standard","meta":{"_bbp_topic_count":0,"_bbp_reply_count":0,"_bbp_total_topic_count":0,"_bbp_total_reply_count":0,"_bbp_voice_count":0,"_bbp_anonymous_reply_count":0,"_bbp_topic_count_hidden":0,"_bbp_reply_count_hidden":0,"_bbp_forum_subforum_count":0,"footnotes":""},"categories":[86],"tags":[],"class_list":["post-4430","post","type-post","status-publish","format-standard","has-post-thumbnail","hentry","category-blog"],"post_mailing_queue_ids":[],"_links":{"self":[{"href":"https:\/\/agora.xtec.cat\/escolaestevebarrachina\/wp-json\/wp\/v2\/posts\/4430","targetHints":{"allow":["GET"]}}],"collection":[{"href":"https:\/\/agora.xtec.cat\/escolaestevebarrachina\/wp-json\/wp\/v2\/posts"}],"about":[{"href":"https:\/\/agora.xtec.cat\/escolaestevebarrachina\/wp-json\/wp\/v2\/types\/post"}],"author":[{"embeddable":true,"href":"https:\/\/agora.xtec.cat\/escolaestevebarrachina\/wp-json\/wp\/v2\/users\/1"}],"replies":[{"embeddable":true,"href":"https:\/\/agora.xtec.cat\/escolaestevebarrachina\/wp-json\/wp\/v2\/comments?post=4430"}],"version-history":[{"count":0,"href":"https:\/\/agora.xtec.cat\/escolaestevebarrachina\/wp-json\/wp\/v2\/posts\/4430\/revisions"}],"wp:featuredmedia":[{"embeddable":true,"href":"https:\/\/agora.xtec.cat\/escolaestevebarrachina\/wp-json\/"}],"wp:attachment":[{"href":"https:\/\/agora.xtec.cat\/escolaestevebarrachina\/wp-json\/wp\/v2\/media?parent=4430"}],"wp:term":[{"taxonomy":"category","embeddable":true,"href":"https:\/\/agora.xtec.cat\/escolaestevebarrachina\/wp-json\/wp\/v2\/categories?post=4430"},{"taxonomy":"post_tag","embeddable":true,"href":"https:\/\/agora.xtec.cat\/escolaestevebarrachina\/wp-json\/wp\/v2\/tags?post=4430"}],"curies":[{"name":"wp","href":"https:\/\/api.w.org\/{rel}","templated":true}]}}