{"id":4402,"date":"2018-04-29T16:40:06","date_gmt":"2018-04-29T14:40:06","guid":{"rendered":"https:\/\/escolaestevebarrachina.cat\/?p=4402"},"modified":"2018-04-29T16:40:06","modified_gmt":"2018-04-29T14:40:06","slug":"celebracio-jocs-florals-xla-edicio","status":"publish","type":"post","link":"https:\/\/agora.xtec.cat\/escolaestevebarrachina\/blog\/celebracio-jocs-florals-xla-edicio\/","title":{"rendered":"Celebraci\u00f3 Jocs Florals XL\u00aa edici\u00f3"},"content":{"rendered":"<p>Com cada any l&#8217;escola Esteve Barrachina es prepara per celebrar , enguant la XL\u00aa edici\u00f3 dels jocs Florals.<\/p>\n<p>Els infants de la nostra escola hi han participat elaborant textos. Com a novetat d&#8217;aquest curs es donaran dos tipus de premis: <strong>col.lectius<\/strong> des de P3 fins a 4t i premis<strong> individuals<\/strong> per a l&#8217;alumnat del cicle superior. Aquests com sempre tindran diverses modalitats de premi: Premi &#8220;Globalitat&#8221;, Premi &#8220;Pura Creativitat&#8221;, Premi &#8220;Formiga D&#8217;or&#8221; i Premi &#8220;Sense Fronteres&#8221;.<\/p>\n<p>Els premis consisteixen en un lot de llibres per aula en les participacions col.lectives,\u00a0 i un llibre per a l&#8217;alumne finalista del cicle superior. Tots ells rebran tamb\u00e9 un diploma, elaborat per Daniel Rodr\u00edguez Fontdevila, pare d&#8217;en Biel de 3r, a qui volem fer arribar el nostre m\u00e9s sincer agra\u00efment.<\/p>\n<p>A infantil han fet una excel.lent exposici\u00f3 de dibuixos de &#8220;Dracs&#8221;.<img loading=\"lazy\" decoding=\"async\" class=\"alignleft size-full wp-image-4412\" src=\"https:\/\/escolaestevebarrachina.cat\/wp-content\/uploads\/2018\/04\/Infantil.jpg\" alt=\"\" width=\"640\" height=\"360\" \/><\/p>\n<p>A primer han fet un llibre de rodolins,<\/p>\n<p><img loading=\"lazy\" decoding=\"async\" class=\"alignleft size-full wp-image-4404\" src=\"https:\/\/escolaestevebarrachina.cat\/wp-content\/uploads\/2018\/04\/1r.jpg\" alt=\"\" width=\"640\" height=\"360\" \/><\/p>\n<p>Els nens i nenes de segon ens han regalat un dossier d&#8217;endevinalles.<br \/>\n<img loading=\"lazy\" decoding=\"async\" class=\"alignleft size-full wp-image-4405\" src=\"https:\/\/escolaestevebarrachina.cat\/wp-content\/uploads\/2018\/04\/2n.jpg\" alt=\"\" width=\"640\" height=\"360\" \/><\/p>\n<p>Tercer de prim\u00e0ria ha treballat els acr\u00f2stics.<br \/>\n<img loading=\"lazy\" decoding=\"async\" class=\"alignleft size-full wp-image-4406\" src=\"https:\/\/escolaestevebarrachina.cat\/wp-content\/uploads\/2018\/04\/3r.jpg\" alt=\"\" width=\"640\" height=\"360\" \/><\/p>\n<p>Els alumnes de 4t han deixat un llibre de cal.ligrames.<br \/>\n<img loading=\"lazy\" decoding=\"async\" class=\"alignleft size-full wp-image-4407\" src=\"https:\/\/escolaestevebarrachina.cat\/wp-content\/uploads\/2018\/04\/4tB.jpg\" alt=\"\" width=\"640\" height=\"360\" \/><\/p>\n<p>Els guanadors del cicle suprior s\u00f3n:<\/p>\n<p><strong>5\u00e8A<\/strong><\/p>\n<ul>\n<li>Gangzhao Bai<br \/>\nLaia P\u00e1ez<br \/>\nVinyet Corts<\/li>\n<\/ul>\n<p><img loading=\"lazy\" decoding=\"async\" class=\"alignleft size-full wp-image-4408\" src=\"https:\/\/escolaestevebarrachina.cat\/wp-content\/uploads\/2018\/04\/5A.jpg\" alt=\"\" width=\"640\" height=\"360\" \/><\/p>\n<p><strong>5\u00e8B<\/strong><\/p>\n<ul>\n<li>Sophia Chiochia<\/li>\n<li>Ana Taviner<\/li>\n<li>J\u00falia Martin<\/li>\n<li>Noah Pujol<\/li>\n<\/ul>\n<p><img loading=\"lazy\" decoding=\"async\" class=\"alignleft size-full wp-image-4409\" src=\"https:\/\/escolaestevebarrachina.cat\/wp-content\/uploads\/2018\/04\/5B.jpg\" alt=\"\" width=\"640\" height=\"360\" \/><\/p>\n<p><strong>6\u00c0<\/strong><\/p>\n<ul>\n<li>Erika Arteaga<\/li>\n<li>Daniel Serra<\/li>\n<li>Alex Mart\u00ednez<\/li>\n<\/ul>\n<p><img loading=\"lazy\" decoding=\"async\" class=\"alignleft size-full wp-image-4410\" src=\"https:\/\/escolaestevebarrachina.cat\/wp-content\/uploads\/2018\/04\/6A.jpg\" alt=\"\" width=\"640\" height=\"360\" \/><\/p>\n<p><strong>6\u00e8B<\/strong><\/p>\n<ul>\n<li>Aroa Garc\u00eda\u00e7<\/li>\n<li>Ona Th\u00f6len<\/li>\n<li>Alexia Schockert<\/li>\n<\/ul>\n<p><img loading=\"lazy\" decoding=\"async\" class=\"alignleft size-full wp-image-4403\" src=\"https:\/\/escolaestevebarrachina.cat\/wp-content\/uploads\/2018\/04\/B.jpg\" alt=\"\" width=\"640\" height=\"360\" \/><\/p>\n<p>L&#8217;acte ha estat presidit i presentat per:<\/p>\n<ul>\n<li>Nastia Alegrer<\/li>\n<li>Erika Arteaga<\/li>\n<li>Sasha Maldonado<\/li>\n<li>Pol Dom\u00e8nech<\/li>\n<\/ul>\n<p><img loading=\"lazy\" decoding=\"async\" class=\"alignleft size-full wp-image-4414\" src=\"https:\/\/escolaestevebarrachina.cat\/wp-content\/uploads\/2018\/04\/presentadors.jpg\" alt=\"\" width=\"640\" height=\"360\" \/><\/p>\n<p>Aqu\u00ed no s&#8217;acaba la jornada. Per la tarda els alumnes del grup L\u00e8cxit amb els seus tutors, han recitat poemes d&#8217;Espriu, Joana Raspall i d&#8217;Antonio Machado a baix a la Fragata dins l&#8217;acte del Micro Obert.<img loading=\"lazy\" decoding=\"async\" class=\"alignleft size-full wp-image-4416\" src=\"https:\/\/escolaestevebarrachina.cat\/wp-content\/uploads\/2018\/04\/Sant-Jordi-Lexcit-tots.jpg\" alt=\"\" width=\"640\" height=\"360\" \/><\/p>\n<p><img loading=\"lazy\" decoding=\"async\" class=\"alignleft size-full wp-image-4413\" src=\"https:\/\/escolaestevebarrachina.cat\/wp-content\/uploads\/2018\/04\/Lecxit.jpg\" alt=\"\" width=\"640\" height=\"360\" \/><\/p>\n<p><span style=\"border-radius: 2px; text-indent: 20px; width: auto; padding: 0px 4px 0px 0px; text-align: center; font: bold 11px\/20px 'Helvetica Neue',Helvetica,sans-serif; color: #ffffff; background: #bd081c no-repeat scroll 3px 50% \/ 14px 14px; position: absolute; opacity: 1; z-index: 8675309; display: none; cursor: pointer; top: 4505px; left: 20px;\">Guardar<\/span><\/p>\n<p><a href=\"https:\/\/www.flickr.com\/photos\/105651434@N04\/albums\/72157666343081787\"> Seguir mirant fotos<\/a><\/p>\n","protected":false},"excerpt":{"rendered":"<p>Com cada any l&#8217;escola Esteve Barrachina es prepara per celebrar , enguant la XL\u00aa edici\u00f3 dels jocs Florals.<br \/>\nEls infants de la nostra escola hi han participat elaborant textos. Com a novetat d&#8217;aquest curs es donaran dos tipus de premis: col.lectius des de P3 fins a&hellip;  <a href=\"https:\/\/agora.xtec.cat\/escolaestevebarrachina\/blog\/celebracio-jocs-florals-xla-edicio\/\" title=\"Read Celebraci\u00f3 Jocs Florals XL\u00aa edici\u00f3\">Llegeix m\u00e9s\u00bb<\/a><\/p>\n","protected":false},"author":1,"featured_media":4415,"comment_status":"open","ping_status":"open","sticky":false,"template":"","format":"standard","meta":{"_bbp_topic_count":0,"_bbp_reply_count":0,"_bbp_total_topic_count":0,"_bbp_total_reply_count":0,"_bbp_voice_count":0,"_bbp_anonymous_reply_count":0,"_bbp_topic_count_hidden":0,"_bbp_reply_count_hidden":0,"_bbp_forum_subforum_count":0,"footnotes":""},"categories":[86,131],"tags":[],"class_list":["post-4402","post","type-post","status-publish","format-standard","has-post-thumbnail","hentry","category-blog","category-sant-jordi"],"post_mailing_queue_ids":[],"_links":{"self":[{"href":"https:\/\/agora.xtec.cat\/escolaestevebarrachina\/wp-json\/wp\/v2\/posts\/4402","targetHints":{"allow":["GET"]}}],"collection":[{"href":"https:\/\/agora.xtec.cat\/escolaestevebarrachina\/wp-json\/wp\/v2\/posts"}],"about":[{"href":"https:\/\/agora.xtec.cat\/escolaestevebarrachina\/wp-json\/wp\/v2\/types\/post"}],"author":[{"embeddable":true,"href":"https:\/\/agora.xtec.cat\/escolaestevebarrachina\/wp-json\/wp\/v2\/users\/1"}],"replies":[{"embeddable":true,"href":"https:\/\/agora.xtec.cat\/escolaestevebarrachina\/wp-json\/wp\/v2\/comments?post=4402"}],"version-history":[{"count":0,"href":"https:\/\/agora.xtec.cat\/escolaestevebarrachina\/wp-json\/wp\/v2\/posts\/4402\/revisions"}],"wp:featuredmedia":[{"embeddable":true,"href":"https:\/\/agora.xtec.cat\/escolaestevebarrachina\/wp-json\/"}],"wp:attachment":[{"href":"https:\/\/agora.xtec.cat\/escolaestevebarrachina\/wp-json\/wp\/v2\/media?parent=4402"}],"wp:term":[{"taxonomy":"category","embeddable":true,"href":"https:\/\/agora.xtec.cat\/escolaestevebarrachina\/wp-json\/wp\/v2\/categories?post=4402"},{"taxonomy":"post_tag","embeddable":true,"href":"https:\/\/agora.xtec.cat\/escolaestevebarrachina\/wp-json\/wp\/v2\/tags?post=4402"}],"curies":[{"name":"wp","href":"https:\/\/api.w.org\/{rel}","templated":true}]}}