{"id":4398,"date":"2018-04-26T18:50:30","date_gmt":"2018-04-26T16:50:30","guid":{"rendered":"https:\/\/escolaestevebarrachina.cat\/?p=4398"},"modified":"2018-04-26T18:50:30","modified_gmt":"2018-04-26T16:50:30","slug":"beques-menjador-curs-2018-2019","status":"publish","type":"post","link":"https:\/\/agora.xtec.cat\/escolaestevebarrachina\/blog\/beques-menjador-curs-2018-2019\/","title":{"rendered":"Beques menjador curs 2018-2019"},"content":{"rendered":"<div>\n<div>Des del Consell Comarcal del Garraf ens informen\u00a0 que el per\u00edode per sol.licitar l&#8217;ajut de menjador escolar pel proper curs 2018-2019 ser\u00e0<strong> del 7 al 18 de maig de 2018 (ambd\u00f3s inclosos)<\/strong>. Per entregar les sol.licituds cal adre\u00e7ar-se a l&#8217;OAC<\/div>\n<div><\/div>\n<div>Al web del Consell Comarcal del Garraf trobareu tots els formularis necessaris (<a href=\"http:\/\/www.ccgarraf.cat\/\" target=\"_blank\" rel=\"noopener noreferrer\" data-saferedirecturl=\"https:\/\/www.google.com\/url?hl=ca&amp;q=http:\/\/www.ccgarraf.cat\/&amp;source=gmail&amp;ust=1524845706739000&amp;usg=AFQjCNGi92l1CbMUwarM7p3S6DB77jB9gw\">www.ccgarraf.cat<\/a>):<\/div>\n<div><\/div>\n<div>-Model de sol.licitud.<\/div>\n<div>-Document que caldr\u00e0 adjuntar en cas que el curs anterior hagin entregat documentaci\u00f3 (DNI&#8217;s, sent\u00e8ncies, etc..)<\/div>\n<div>-Model de declaraci\u00f3 jurada (pels casos que no puguin justificar els ingressos o altres situacions amb cap document oficial)<\/div>\n<div>-Bases de menjador.<\/div>\n<p><br class=\"m_-4446859274573792721gmail-Apple-interchange-newline\" \/>Aquest proper curs tamb\u00e9 es obligatoriindicar el n\u00famero IDALU en la sol.licitud , que heu de sol.licitar al sevei administratiu del centre.<\/div>\n","protected":false},"excerpt":{"rendered":"<p>Des del Consell Comarcal del Garraf ens informen\u00a0 que el per\u00edode per sol.licitar l&#8217;ajut de menjador escolar pel proper curs 2018-2019 ser\u00e0 del 7 al 18 de maig de 2018 (ambd\u00f3s inclosos). Per entregar les sol.licituds cal adre\u00e7ar-se a l&#8217;OAC<\/p>\n<p>Al web del Consell Comarcal del&hellip;  <a href=\"https:\/\/agora.xtec.cat\/escolaestevebarrachina\/blog\/beques-menjador-curs-2018-2019\/\" title=\"Read Beques menjador curs 2018-2019\">Llegeix m\u00e9s\u00bb<\/a><\/p>\n","protected":false},"author":1,"featured_media":4399,"comment_status":"open","ping_status":"open","sticky":false,"template":"","format":"standard","meta":{"_bbp_topic_count":0,"_bbp_reply_count":0,"_bbp_total_topic_count":0,"_bbp_total_reply_count":0,"_bbp_voice_count":0,"_bbp_anonymous_reply_count":0,"_bbp_topic_count_hidden":0,"_bbp_reply_count_hidden":0,"_bbp_forum_subforum_count":0,"footnotes":""},"categories":[86],"tags":[],"class_list":["post-4398","post","type-post","status-publish","format-standard","has-post-thumbnail","hentry","category-blog"],"post_mailing_queue_ids":[],"_links":{"self":[{"href":"https:\/\/agora.xtec.cat\/escolaestevebarrachina\/wp-json\/wp\/v2\/posts\/4398","targetHints":{"allow":["GET"]}}],"collection":[{"href":"https:\/\/agora.xtec.cat\/escolaestevebarrachina\/wp-json\/wp\/v2\/posts"}],"about":[{"href":"https:\/\/agora.xtec.cat\/escolaestevebarrachina\/wp-json\/wp\/v2\/types\/post"}],"author":[{"embeddable":true,"href":"https:\/\/agora.xtec.cat\/escolaestevebarrachina\/wp-json\/wp\/v2\/users\/1"}],"replies":[{"embeddable":true,"href":"https:\/\/agora.xtec.cat\/escolaestevebarrachina\/wp-json\/wp\/v2\/comments?post=4398"}],"version-history":[{"count":0,"href":"https:\/\/agora.xtec.cat\/escolaestevebarrachina\/wp-json\/wp\/v2\/posts\/4398\/revisions"}],"wp:featuredmedia":[{"embeddable":true,"href":"https:\/\/agora.xtec.cat\/escolaestevebarrachina\/wp-json\/"}],"wp:attachment":[{"href":"https:\/\/agora.xtec.cat\/escolaestevebarrachina\/wp-json\/wp\/v2\/media?parent=4398"}],"wp:term":[{"taxonomy":"category","embeddable":true,"href":"https:\/\/agora.xtec.cat\/escolaestevebarrachina\/wp-json\/wp\/v2\/categories?post=4398"},{"taxonomy":"post_tag","embeddable":true,"href":"https:\/\/agora.xtec.cat\/escolaestevebarrachina\/wp-json\/wp\/v2\/tags?post=4398"}],"curies":[{"name":"wp","href":"https:\/\/api.w.org\/{rel}","templated":true}]}}