{"id":4354,"date":"2018-03-11T18:02:21","date_gmt":"2018-03-11T17:02:21","guid":{"rendered":"https:\/\/escolaestevebarrachina.cat\/?p=4354"},"modified":"2018-03-11T18:02:21","modified_gmt":"2018-03-11T17:02:21","slug":"jornada-portes-obertes-2018","status":"publish","type":"post","link":"https:\/\/agora.xtec.cat\/escolaestevebarrachina\/blog\/jornada-portes-obertes-2018\/","title":{"rendered":"Jornada Portes Obertes 2018"},"content":{"rendered":"<p>Ahir dissabte 10 de mar\u00e7, va ser un gran dia per a l&#8217;Escola Esteve Barrachina.Es va celebrar la Jornada de Portes Obertes per a les fam\u00edlies de l&#8217;escola i per a les fam\u00edlies nouvingudes que cerquen escola per a lur fill\/a.<\/p>\n<p>Mentre a la Sala d&#8217;actes es realitzava una xerrada per explicar el projecte educatiu\u00a0 del nostre centre, per a les noves fam\u00edlies que ens volen con\u00e8ixer, a baix al pati hi havia molta activitat: es feia un partit de Handbol, una xocolatada per a tothom, jocs de taula, tallers,&#8230;<\/p>\n<figure class=\"figure wp-caption alignleft\"><img loading=\"lazy\" decoding=\"async\" class=\"wp-image-4355 size-large\" src=\"https:\/\/escolaestevebarrachina.cat\/wp-content\/uploads\/2018\/03\/IMG-20180310-WA0009-1024x768.jpg\" alt=\"\" width=\"980\" height=\"735\" \/><figcaption class=\"wp-caption-text\">La Dolors preparant la xocolata. mmmm&#8230; qu\u00e8 bona!!!<\/figcaption><\/figure>\n<p>&nbsp;<\/p>\n<p>&nbsp;<\/p>\n<p>&nbsp;<\/p>\n<p>&nbsp;<\/p>\n<p>&nbsp;<\/p>\n<p>&nbsp;<\/p>\n<figure class=\"figure wp-caption alignleft\"><img loading=\"lazy\" decoding=\"async\" class=\"wp-image-4361 size-large\" src=\"https:\/\/escolaestevebarrachina.cat\/wp-content\/uploads\/2018\/03\/IMG-20180310-WA0034-1024x768.jpg\" alt=\"\" width=\"980\" height=\"735\" \/><figcaption class=\"wp-caption-text\">Ballant la batukada<\/figcaption><\/figure>\n<p>&nbsp;<\/p>\n<p>&nbsp;<\/p>\n<p>&nbsp;<\/p>\n<p>&nbsp;<\/p>\n<p>&nbsp;<\/p>\n<p>&nbsp;<\/p>\n<p>&nbsp;<\/p>\n<p>&nbsp;<\/p>\n<p>&nbsp;<\/p>\n<p>&nbsp;<\/p>\n<p>&nbsp;<\/p>\n<figure class=\"figure wp-caption alignleft\"><img loading=\"lazy\" decoding=\"async\" class=\"wp-image-4364 size-large\" src=\"https:\/\/escolaestevebarrachina.cat\/wp-content\/uploads\/2018\/03\/IMG-20180310-WA0036-768x1024.jpg\" alt=\"\" width=\"768\" height=\"1024\" \/><figcaption class=\"wp-caption-text\">Jugant al pati<\/figcaption><\/figure>\n<p>&nbsp;<\/p>\n<p>&nbsp;<\/p>\n<p>&nbsp;<\/p>\n<p>&nbsp;<\/p>\n<p>&nbsp;<\/p>\n<p>&nbsp;<\/p>\n<p>&nbsp;<\/p>\n<p>&nbsp;<\/p>\n<p>&nbsp;<\/p>\n<p>&nbsp;<\/p>\n<p>&nbsp;<\/p>\n<p>&nbsp;<\/p>\n<p>&nbsp;<\/p>\n<p>&nbsp;<\/p>\n<p>&nbsp;<\/p>\n<p>&nbsp;<\/p>\n<p>&nbsp;<\/p>\n<p>I sobretot es duia a terme les dues campanyes engegades peel nostre alumnat:<\/p>\n<ul>\n<li><strong>Campanya de donaci\u00f3 de Sang<\/strong> <img loading=\"lazy\" decoding=\"async\" class=\"alignleft size-large wp-image-4363\" src=\"https:\/\/escolaestevebarrachina.cat\/wp-content\/uploads\/2018\/03\/IMG-20180310-WA0015-768x1024.jpg\" alt=\"\" width=\"768\" height=\"1024\" \/><\/li>\n<\/ul>\n<p>&nbsp;<\/p>\n<p>&nbsp;<\/p>\n<p>&nbsp;<\/p>\n<p>&nbsp;<\/p>\n<p>&nbsp;<\/p>\n<p>&nbsp;<\/p>\n<p>&nbsp;<\/p>\n<p>&nbsp;<\/p>\n<p>&nbsp;<\/p>\n<p>&nbsp;<\/p>\n<p>&nbsp;<\/p>\n<p>&nbsp;<\/p>\n<p>&nbsp;<\/p>\n<p>&nbsp;<\/p>\n<p>&nbsp;<\/p>\n<p><img loading=\"lazy\" decoding=\"async\" class=\"alignleft size-large wp-image-4356\" src=\"https:\/\/escolaestevebarrachina.cat\/wp-content\/uploads\/2018\/03\/IMG-20180310-WA0012-768x1024.jpg\" alt=\"\" width=\"768\" height=\"1024\" \/><\/p>\n<p>&nbsp;<\/p>\n<p>&nbsp;<\/p>\n<p>&nbsp;<\/p>\n<p>&nbsp;<\/p>\n<p>&nbsp;<\/p>\n<p>&nbsp;<\/p>\n<p>&nbsp;<\/p>\n<p>&nbsp;<\/p>\n<p>&nbsp;<\/p>\n<p>&nbsp;<\/p>\n<p>&nbsp;<\/p>\n<p>&nbsp;<\/p>\n<p>&nbsp;<\/p>\n<p>&nbsp;<\/p>\n<p>&nbsp;<\/p>\n<p>&nbsp;<\/p>\n<p>&nbsp;<\/p>\n<ul>\n<li><strong>La campanya de Recollida d&#8217;aliments<\/strong><\/li>\n<\/ul>\n<p><img loading=\"lazy\" decoding=\"async\" class=\"alignleft size-large wp-image-4357\" src=\"https:\/\/escolaestevebarrachina.cat\/wp-content\/uploads\/2018\/03\/IMG-20180310-WA0016-1024x768.jpg\" alt=\"\" width=\"980\" height=\"735\" \/><\/p>\n<p>&nbsp;<\/p>\n<p>&nbsp;<\/p>\n<p>&nbsp;<\/p>\n<p>&nbsp;<\/p>\n<p>&nbsp;<\/p>\n<p>&nbsp;<\/p>\n<p>&nbsp;<\/p>\n<p>&nbsp;<\/p>\n<p>&nbsp;<\/p>\n<p>Acabada la xerrada als pares nouvinguts, aquests van poder visitar les nostres intal.lacions i nosaltres v\u00e0rem gaudir de bons espectacles teatrals.<\/p>\n<p><strong>En motiu de la Campanya de Donaci\u00f3 de sang<\/strong> els nens i nenes de 6\u00e8 van preparar una obra de teatre &#8220;Els superherois de la Sang&#8221;<img loading=\"lazy\" decoding=\"async\" class=\"alignleft size-large wp-image-4358\" src=\"https:\/\/escolaestevebarrachina.cat\/wp-content\/uploads\/2018\/03\/IMG-20180310-WA0020-768x1024.jpg\" alt=\"\" width=\"768\" height=\"1024\" \/><\/p>\n<p>&nbsp;<\/p>\n<p>&nbsp;<\/p>\n<p>&nbsp;<\/p>\n<p>&nbsp;<\/p>\n<p>&nbsp;<\/p>\n<p>&nbsp;<\/p>\n<p>&nbsp;<\/p>\n<p>&nbsp;<\/p>\n<p>&nbsp;<\/p>\n<p>&nbsp;<\/p>\n<p>&nbsp;<\/p>\n<p>&nbsp;<\/p>\n<p>&nbsp;<\/p>\n<p>&nbsp;<\/p>\n<p>&nbsp;<\/p>\n<p>&nbsp;<\/p>\n<p><img loading=\"lazy\" decoding=\"async\" class=\"alignleft size-large wp-image-4362\" src=\"https:\/\/escolaestevebarrachina.cat\/wp-content\/uploads\/2018\/03\/IMG-20180310-WA0008-1024x768.jpg\" alt=\"\" width=\"980\" height=\"735\" \/><\/p>\n<p>&nbsp;<\/p>\n<p>&nbsp;<\/p>\n<p>&nbsp;<\/p>\n<p>&nbsp;<\/p>\n<p>&nbsp;<\/p>\n<p>&nbsp;<\/p>\n<p>&nbsp;<\/p>\n<p>&nbsp;<\/p>\n<p>&nbsp;<\/p>\n<p>&nbsp;<\/p>\n<p><strong>A\u00a0 continuaci\u00f3 l&#8217;alumnat de 2n, ens va oferir<\/strong><\/p>\n<p><img loading=\"lazy\" decoding=\"async\" class=\"alignleft size-full wp-image-4365\" src=\"https:\/\/escolaestevebarrachina.cat\/wp-content\/uploads\/2018\/03\/IMG-20180308-WA0023.jpg\" alt=\"\" width=\"720\" height=\"610\" \/><\/p>\n<p>&nbsp;<\/p>\n<p>&nbsp;<\/p>\n<p>&nbsp;<\/p>\n<p>&nbsp;<\/p>\n<p>&nbsp;<\/p>\n<p>&nbsp;<\/p>\n<p>&nbsp;<\/p>\n<p>&nbsp;<\/p>\n<p>&nbsp;<\/p>\n<p>&nbsp;<\/p>\n<p>&nbsp;<\/p>\n<p><img loading=\"lazy\" decoding=\"async\" class=\"alignleft size-large wp-image-4367\" src=\"https:\/\/escolaestevebarrachina.cat\/wp-content\/uploads\/2018\/03\/IMG-20180310-WA0025-1024x768.jpg\" alt=\"\" width=\"980\" height=\"735\" \/><\/p>\n<p>&nbsp;<\/p>\n<p><strong>I els de 3r:<\/strong><\/p>\n<p><img loading=\"lazy\" decoding=\"async\" class=\"alignleft size-large wp-image-4366\" src=\"https:\/\/escolaestevebarrachina.cat\/wp-content\/uploads\/2018\/03\/IMG-20180308-WA0000-1024x869.jpg\" alt=\"\" width=\"980\" height=\"832\" \/><img loading=\"lazy\" decoding=\"async\" class=\"alignleft size-large wp-image-4360\" src=\"https:\/\/escolaestevebarrachina.cat\/wp-content\/uploads\/2018\/03\/IMG-20180310-WA0030-1024x768.jpg\" alt=\"\" width=\"980\" height=\"735\" \/> <img loading=\"lazy\" decoding=\"async\" class=\"alignleft size-large wp-image-4359\" src=\"https:\/\/escolaestevebarrachina.cat\/wp-content\/uploads\/2018\/03\/IMG-20180310-WA0022-1024x768.jpg\" alt=\"\" width=\"980\" height=\"735\" \/><\/p>\n<p>&nbsp;<\/p>\n<p>&nbsp;<\/p>\n<p>&nbsp;<\/p>\n<p>&nbsp;<\/p>\n<p>&nbsp;<\/p>\n<p>&nbsp;<\/p>\n<p>&nbsp;<\/p>\n<p>&nbsp;<\/p>\n<p>&nbsp;<\/p>\n<p>&nbsp;<\/p>\n<p>&nbsp;<\/p>\n<p>&nbsp;<\/p>\n<p>&nbsp;<\/p>\n<p>&nbsp;<\/p>\n<p>&nbsp;<\/p>\n<p>&nbsp;<\/p>\n<p>&nbsp;<\/p>\n<p>&nbsp;<\/p>\n<p>&nbsp;<\/p>\n<p>&nbsp;<\/p>\n<p>&nbsp;<\/p>\n<p>&nbsp;<\/p>\n<p>&nbsp;<\/p>\n<p>&nbsp;<\/p>\n<p>&nbsp;<\/p>\n<p>&nbsp;<\/p>\n<p>&nbsp;<\/p>\n<p>&nbsp;<\/p>\n<p>&nbsp;<\/p>\n<p>&nbsp;<\/p>\n<p>Un dia molt complert, divertit,&#8230; per\u00f2 esgotador!!<\/p>\n<p>&nbsp;<\/p>\n<p><a href=\"https:\/\/www.flickr.com\/photos\/105651434@N04\/albums\/72157691323496372\/with\/39854537975\/\">SEGUIR MIRANT.<\/a><\/p>\n","protected":false},"excerpt":{"rendered":"<p>Ahir dissabte 10 de mar\u00e7, va ser un gran dia per a l&#8217;Escola Esteve Barrachina.Es va celebrar la Jornada de Portes Obertes per a les fam\u00edlies de l&#8217;escola i per a les fam\u00edlies nouvingudes que cerquen escola per a lur fill\/a.<br \/>\nMentre a la Sala d&#8217;actes&hellip;  <a href=\"https:\/\/agora.xtec.cat\/escolaestevebarrachina\/blog\/jornada-portes-obertes-2018\/\" title=\"Read Jornada Portes Obertes 2018\">Llegeix m\u00e9s\u00bb<\/a><\/p>\n","protected":false},"author":1,"featured_media":4361,"comment_status":"open","ping_status":"open","sticky":false,"template":"","format":"standard","meta":{"_bbp_topic_count":0,"_bbp_reply_count":0,"_bbp_total_topic_count":0,"_bbp_total_reply_count":0,"_bbp_voice_count":0,"_bbp_anonymous_reply_count":0,"_bbp_topic_count_hidden":0,"_bbp_reply_count_hidden":0,"_bbp_forum_subforum_count":0,"footnotes":""},"categories":[86],"tags":[],"class_list":["post-4354","post","type-post","status-publish","format-standard","has-post-thumbnail","hentry","category-blog"],"post_mailing_queue_ids":[],"_links":{"self":[{"href":"https:\/\/agora.xtec.cat\/escolaestevebarrachina\/wp-json\/wp\/v2\/posts\/4354","targetHints":{"allow":["GET"]}}],"collection":[{"href":"https:\/\/agora.xtec.cat\/escolaestevebarrachina\/wp-json\/wp\/v2\/posts"}],"about":[{"href":"https:\/\/agora.xtec.cat\/escolaestevebarrachina\/wp-json\/wp\/v2\/types\/post"}],"author":[{"embeddable":true,"href":"https:\/\/agora.xtec.cat\/escolaestevebarrachina\/wp-json\/wp\/v2\/users\/1"}],"replies":[{"embeddable":true,"href":"https:\/\/agora.xtec.cat\/escolaestevebarrachina\/wp-json\/wp\/v2\/comments?post=4354"}],"version-history":[{"count":0,"href":"https:\/\/agora.xtec.cat\/escolaestevebarrachina\/wp-json\/wp\/v2\/posts\/4354\/revisions"}],"wp:featuredmedia":[{"embeddable":true,"href":"https:\/\/agora.xtec.cat\/escolaestevebarrachina\/wp-json\/"}],"wp:attachment":[{"href":"https:\/\/agora.xtec.cat\/escolaestevebarrachina\/wp-json\/wp\/v2\/media?parent=4354"}],"wp:term":[{"taxonomy":"category","embeddable":true,"href":"https:\/\/agora.xtec.cat\/escolaestevebarrachina\/wp-json\/wp\/v2\/categories?post=4354"},{"taxonomy":"post_tag","embeddable":true,"href":"https:\/\/agora.xtec.cat\/escolaestevebarrachina\/wp-json\/wp\/v2\/tags?post=4354"}],"curies":[{"name":"wp","href":"https:\/\/api.w.org\/{rel}","templated":true}]}}