{"id":4329,"date":"2018-02-25T16:11:44","date_gmt":"2018-02-25T15:11:44","guid":{"rendered":"https:\/\/escolaestevebarrachina.cat\/?p=4329"},"modified":"2018-02-25T16:11:44","modified_gmt":"2018-02-25T15:11:44","slug":"xocolatada-solidaria-2","status":"publish","type":"post","link":"https:\/\/agora.xtec.cat\/escolaestevebarrachina\/blog\/xocolatada-solidaria-2\/","title":{"rendered":"Xocolatada solid\u00e0ria"},"content":{"rendered":"<p>Gr\u00e0cies a la solidaritat de tothom hem recaptat entre la xocolatada, gentilesa de T\u00e0ndem-menjadors, i la venda de pulseres &#8220;Candela&#8221; i de &#8220;Dona&#8217;m ales&#8221; uns 1000\u20ac que van integrament al l laboratori d\u2019investigaci\u00f3 del c\u00e0ncer Infantil\u00a0 de l\u2019Hospital de Sant Joan de D\u00e9u de Barcelona.<\/p>\n<p>&nbsp;<\/p>\n<p>Moltes gr\u00e0cies!!!!<\/p>\n<p><img loading=\"lazy\" decoding=\"async\" class=\"alignleft size-large wp-image-4333\" src=\"https:\/\/escolaestevebarrachina.cat\/wp-content\/uploads\/2018\/02\/IMG_20180221_164059-1024x576.jpg\" alt=\"\" width=\"980\" height=\"551\" \/><\/p>\n<p>&nbsp;<\/p>\n<p>&nbsp;<\/p>\n<p>&nbsp;<\/p>\n<p>&nbsp;<\/p>\n<p>&nbsp;<\/p>\n<p>&nbsp;<\/p>\n<p>&nbsp;<\/p>\n<p>&nbsp;<\/p>\n<p><a href=\"https:\/\/www.flickr.com\/photos\/105651434@N04\/albums\/72157693845504225\">Segueix mirant&#8230;<\/a><\/p>\n<p><span style=\"border-radius: 2px; text-indent: 20px; width: auto; padding: 0px 4px 0px 0px; text-align: center; font: bold 11px\/20px 'Helvetica Neue',Helvetica,sans-serif; color: #ffffff; background: #bd081c  no-repeat scroll 3px 50% \/ 14px 14px; position: absolute; opacity: 1; z-index: 8675309; display: none; cursor: pointer; top: 236px; left: 20px;\">Guardar<\/span><\/p>\n","protected":false},"excerpt":{"rendered":"<p>Gr\u00e0cies a la solidaritat de tothom hem recaptat entre la xocolatada, gentilesa de T\u00e0ndem-menjadors, i la venda de pulseres &#8220;Candela&#8221; i de &#8220;Dona&#8217;m ales&#8221; uns 1000\u20ac que van integrament al l laboratori d\u2019investigaci\u00f3 del c\u00e0ncer Infantil\u00a0 de l\u2019Hospital de Sant Joan de D\u00e9u de Barcelona.<br \/>\n&nbsp;<br \/>\nMoltes&hellip;  <a href=\"https:\/\/agora.xtec.cat\/escolaestevebarrachina\/blog\/xocolatada-solidaria-2\/\" title=\"Read Xocolatada solid\u00e0ria\">Llegeix m\u00e9s\u00bb<\/a><\/p>\n","protected":false},"author":1,"featured_media":4330,"comment_status":"open","ping_status":"open","sticky":false,"template":"","format":"standard","meta":{"_bbp_topic_count":0,"_bbp_reply_count":0,"_bbp_total_topic_count":0,"_bbp_total_reply_count":0,"_bbp_voice_count":0,"_bbp_anonymous_reply_count":0,"_bbp_topic_count_hidden":0,"_bbp_reply_count_hidden":0,"_bbp_forum_subforum_count":0,"footnotes":""},"categories":[86],"tags":[],"class_list":["post-4329","post","type-post","status-publish","format-standard","has-post-thumbnail","hentry","category-blog"],"post_mailing_queue_ids":[],"_links":{"self":[{"href":"https:\/\/agora.xtec.cat\/escolaestevebarrachina\/wp-json\/wp\/v2\/posts\/4329","targetHints":{"allow":["GET"]}}],"collection":[{"href":"https:\/\/agora.xtec.cat\/escolaestevebarrachina\/wp-json\/wp\/v2\/posts"}],"about":[{"href":"https:\/\/agora.xtec.cat\/escolaestevebarrachina\/wp-json\/wp\/v2\/types\/post"}],"author":[{"embeddable":true,"href":"https:\/\/agora.xtec.cat\/escolaestevebarrachina\/wp-json\/wp\/v2\/users\/1"}],"replies":[{"embeddable":true,"href":"https:\/\/agora.xtec.cat\/escolaestevebarrachina\/wp-json\/wp\/v2\/comments?post=4329"}],"version-history":[{"count":0,"href":"https:\/\/agora.xtec.cat\/escolaestevebarrachina\/wp-json\/wp\/v2\/posts\/4329\/revisions"}],"wp:featuredmedia":[{"embeddable":true,"href":"https:\/\/agora.xtec.cat\/escolaestevebarrachina\/wp-json\/"}],"wp:attachment":[{"href":"https:\/\/agora.xtec.cat\/escolaestevebarrachina\/wp-json\/wp\/v2\/media?parent=4329"}],"wp:term":[{"taxonomy":"category","embeddable":true,"href":"https:\/\/agora.xtec.cat\/escolaestevebarrachina\/wp-json\/wp\/v2\/categories?post=4329"},{"taxonomy":"post_tag","embeddable":true,"href":"https:\/\/agora.xtec.cat\/escolaestevebarrachina\/wp-json\/wp\/v2\/tags?post=4329"}],"curies":[{"name":"wp","href":"https:\/\/api.w.org\/{rel}","templated":true}]}}