{"id":4322,"date":"2018-02-23T14:40:00","date_gmt":"2018-02-23T13:40:00","guid":{"rendered":"https:\/\/escolaestevebarrachina.cat\/?p=4322"},"modified":"2018-02-23T14:40:00","modified_gmt":"2018-02-23T13:40:00","slug":"aquesta-quinzena-escoltem-mirall-maria-rodes","status":"publish","type":"post","link":"https:\/\/agora.xtec.cat\/escolaestevebarrachina\/blog\/aquesta-quinzena-escoltem-mirall-maria-rodes\/","title":{"rendered":"Aquesta quinzena escoltem&#8230; &#8220;Mirall&#8221; (Maria Rod\u00e9s)"},"content":{"rendered":"<p>&nbsp;<\/p>\n<p>Aquesta quinzena escoltem la can\u00e7\u00f3 &#8220;Mirall&#8221; de la Maria Rod\u00e9s,\u00a0 una compositora i cantant catalana.<\/p>\n<p>Va compartir el projecte\u00a0<i>Oniric<\/i>\u00a0amb\u00a0<a class=\"new\" title=\"Andy Poole (encara no existeix)\" href=\"https:\/\/ca.wikipedia.org\/w\/index.php?title=Andy_Poole&amp;action=edit&amp;redlink=1\">Andy Poole<\/a>\u00a0amb qui va publicar el seu primer disc\u00a0<i>Sin T\u00e9cnica<\/i>\u00a0(2009),\u00a0 i el seu primer disc en solitari va ser\u00a0<i>Una forma de hablar<\/i>\u00a0(2010).Ha col\u00b7laborat amb diferents artistes com Ra\u00fal Fern\u00e1ndez (<a title=\"Refree\" href=\"https:\/\/ca.wikipedia.org\/wiki\/Refree\">Refree<\/a>),\u00a0<a title=\"Coque Malla\" href=\"https:\/\/ca.wikipedia.org\/wiki\/Coque_Malla\">Coque Malla<\/a> ,\u00a0<a class=\"new\" title=\"Espaldamaceta (encara no existeix)\" href=\"https:\/\/ca.wikipedia.org\/w\/index.php?title=Espaldamaceta&amp;action=edit&amp;redlink=1\">Espaldamaceta<\/a>\u00a0o\u00a0<a title=\"An\u00edmic\" href=\"https:\/\/ca.wikipedia.org\/wiki\/An%C3%ADmic\">An\u00edmic<\/a>\u00a0i ha participat en diversos projectes musicals com a compositora i int\u00e8rpret.<\/p>\n<p>&nbsp;<\/p>\n<p>La quinzena anterior, que va comen\u00e7ar amb uns dies de pluja intensa, vam escoltar &#8220;Est\u00e0 plovent&#8221; d&#8217;un dels grups capdavanters del <em>boom<\/em> del rock catal\u00e0 dels anys 90: Els Pets.<\/p>\n<p>Els seus components s\u00f3n\u00a0\u00a0<a class=\"mw-redirect\" title=\"Llu\u00eds Gavald\u00e0\" href=\"https:\/\/ca.wikipedia.org\/wiki\/Llu%C3%ADs_Gavald%C3%A0\">Llu\u00eds Gavald\u00e0<\/a>\u00a0a la veu i\u00a0<a title=\"Guitarra\" href=\"https:\/\/ca.wikipedia.org\/wiki\/Guitarra\">guitarra<\/a>, que n&#8217;\u00e9s tamb\u00e9 el principal compositor,\u00a0<a class=\"mw-redirect\" title=\"Joan Reig\" href=\"https:\/\/ca.wikipedia.org\/wiki\/Joan_Reig\">Joan Reig<\/a>\u00a0a la\u00a0<a title=\"Bateria (instrument musical)\" href=\"https:\/\/ca.wikipedia.org\/wiki\/Bateria_(instrument_musical)\">bateria<\/a>\u00a0i\u00a0<a title=\"Falin C\u00e1ceres\" href=\"https:\/\/ca.wikipedia.org\/wiki\/Falin_C%C3%A1ceres\">Falin C\u00e1ceres<\/a>\u00a0al\u00a0<a title=\"Baix el\u00e8ctric\" href=\"https:\/\/ca.wikipedia.org\/wiki\/Baix_el%C3%A8ctric\">baix<\/a>.\u00a0 Fins els 2004, els acompanyaven unes coristes anomenades\u00a0<b>Les Llufes.<\/b><\/p>\n<p><iframe loading=\"lazy\" title=\"Maria Rod\u00e9s &quot;Mirall&quot;\" width=\"500\" height=\"281\" src=\"https:\/\/www.youtube.com\/embed\/L3ZYFOO3c1Q?feature=oembed\" frameborder=\"0\" allow=\"accelerometer; autoplay; clipboard-write; encrypted-media; gyroscope; picture-in-picture; web-share\" referrerpolicy=\"strict-origin-when-cross-origin\" allowfullscreen><\/iframe><\/p>\n<p>&nbsp;<\/p>\n<p><iframe loading=\"lazy\" title=\"Est\u00e0 Plovent - Els Pets - Calla I Balla\" width=\"500\" height=\"375\" src=\"https:\/\/www.youtube.com\/embed\/QqrNcuY_60A?feature=oembed\" frameborder=\"0\" allow=\"accelerometer; autoplay; clipboard-write; encrypted-media; gyroscope; picture-in-picture; web-share\" referrerpolicy=\"strict-origin-when-cross-origin\" allowfullscreen><\/iframe><\/p>\n","protected":false},"excerpt":{"rendered":"<p>&nbsp;<br \/>\nAquesta quinzena escoltem la can\u00e7\u00f3 &#8220;Mirall&#8221; de la Maria Rod\u00e9s,\u00a0 una compositora i cantant catalana.<br \/>\nVa compartir el projecte\u00a0Oniric\u00a0amb\u00a0<a class=\"new\" title=\"Andy Poole (encara no existeix)\" href=\"https:\/\/ca.wikipedia.org\/w\/index.php?title=Andy_Poole&amp;action=edit&amp;redlink=1\">Andy Poole<\/a>\u00a0amb qui va publicar el seu primer disc\u00a0Sin T\u00e9cnica\u00a0(2009),\u00a0 i el seu primer disc en solitari va ser\u00a0Una forma de&hellip;  <a href=\"https:\/\/agora.xtec.cat\/escolaestevebarrachina\/blog\/aquesta-quinzena-escoltem-mirall-maria-rodes\/\" title=\"Read Aquesta quinzena escoltem&#8230; &#8220;Mirall&#8221; (Maria Rod\u00e9s)\">Llegeix m\u00e9s\u00bb<\/a><\/p>\n","protected":false},"author":1,"featured_media":4323,"comment_status":"open","ping_status":"open","sticky":false,"template":"","format":"standard","meta":{"_bbp_topic_count":0,"_bbp_reply_count":0,"_bbp_total_topic_count":0,"_bbp_total_reply_count":0,"_bbp_voice_count":0,"_bbp_anonymous_reply_count":0,"_bbp_topic_count_hidden":0,"_bbp_reply_count_hidden":0,"_bbp_forum_subforum_count":0,"footnotes":""},"categories":[86],"tags":[],"class_list":["post-4322","post","type-post","status-publish","format-standard","has-post-thumbnail","hentry","category-blog"],"post_mailing_queue_ids":[],"_links":{"self":[{"href":"https:\/\/agora.xtec.cat\/escolaestevebarrachina\/wp-json\/wp\/v2\/posts\/4322","targetHints":{"allow":["GET"]}}],"collection":[{"href":"https:\/\/agora.xtec.cat\/escolaestevebarrachina\/wp-json\/wp\/v2\/posts"}],"about":[{"href":"https:\/\/agora.xtec.cat\/escolaestevebarrachina\/wp-json\/wp\/v2\/types\/post"}],"author":[{"embeddable":true,"href":"https:\/\/agora.xtec.cat\/escolaestevebarrachina\/wp-json\/wp\/v2\/users\/1"}],"replies":[{"embeddable":true,"href":"https:\/\/agora.xtec.cat\/escolaestevebarrachina\/wp-json\/wp\/v2\/comments?post=4322"}],"version-history":[{"count":0,"href":"https:\/\/agora.xtec.cat\/escolaestevebarrachina\/wp-json\/wp\/v2\/posts\/4322\/revisions"}],"wp:featuredmedia":[{"embeddable":true,"href":"https:\/\/agora.xtec.cat\/escolaestevebarrachina\/wp-json\/"}],"wp:attachment":[{"href":"https:\/\/agora.xtec.cat\/escolaestevebarrachina\/wp-json\/wp\/v2\/media?parent=4322"}],"wp:term":[{"taxonomy":"category","embeddable":true,"href":"https:\/\/agora.xtec.cat\/escolaestevebarrachina\/wp-json\/wp\/v2\/categories?post=4322"},{"taxonomy":"post_tag","embeddable":true,"href":"https:\/\/agora.xtec.cat\/escolaestevebarrachina\/wp-json\/wp\/v2\/tags?post=4322"}],"curies":[{"name":"wp","href":"https:\/\/api.w.org\/{rel}","templated":true}]}}