{"id":4295,"date":"2018-02-11T19:33:32","date_gmt":"2018-02-11T18:33:32","guid":{"rendered":"https:\/\/escolaestevebarrachina.cat\/?p=4295"},"modified":"2018-02-11T19:33:32","modified_gmt":"2018-02-11T18:33:32","slug":"llegim-en-parella","status":"publish","type":"post","link":"https:\/\/agora.xtec.cat\/escolaestevebarrachina\/blog\/llegim-en-parella\/","title":{"rendered":"&#8220;Llegim en parella&#8221;"},"content":{"rendered":"<p>Hem iniciat el programa &#8220;Llegim en parella&#8221;.S&#8217;han format les parelles d&#8217;alumnes: els nens i nenes de 5\u00e8 s\u00f3n els tutors i els nens i nenes de 3r s\u00f3n els tutorats. Aquest programa pret\u00e9n millorar la comprensi\u00f3 lectora, a partir de grups coorperatius.<\/p>\n<p>Aqui teniu algunes imatges:<\/p>\n<p><img loading=\"lazy\" decoding=\"async\" class=\"alignleft size-large wp-image-4292\" src=\"https:\/\/escolaestevebarrachina.cat\/wp-content\/uploads\/2018\/02\/IMG-20180205-WA0004-1024x768.jpg\" alt=\"\" width=\"980\" height=\"735\" \/><\/p>\n<p><img loading=\"lazy\" decoding=\"async\" class=\"alignleft size-large wp-image-4291\" src=\"https:\/\/escolaestevebarrachina.cat\/wp-content\/uploads\/2018\/02\/IMG-20180205-WA0003-1024x768.jpg\" alt=\"\" width=\"980\" height=\"735\" \/><\/p>\n<p><img loading=\"lazy\" decoding=\"async\" class=\"alignleft size-large wp-image-4290\" src=\"https:\/\/escolaestevebarrachina.cat\/wp-content\/uploads\/2018\/02\/IMG-20180205-WA0002-1024x768.jpg\" alt=\"\" width=\"980\" height=\"735\" \/><\/p>\n<p>&nbsp;<\/p>\n<p>&nbsp;<\/p>\n<p>&nbsp;<\/p>\n<p>&nbsp;<\/p>\n<p>&nbsp;<\/p>\n<p>&nbsp;<\/p>\n<p>&nbsp;<\/p>\n<p>&nbsp;<\/p>\n","protected":false},"excerpt":{"rendered":"<p>Hem iniciat el programa &#8220;Llegim en parella&#8221;.S&#8217;han format les parelles d&#8217;alumnes: els nens i nenes de 5\u00e8 s\u00f3n els tutors i els nens i nenes de 3r s\u00f3n els tutorats. Aquest programa pret\u00e9n millorar la comprensi\u00f3 lectora, a partir de grups coorperatius.<br \/>\nAqui teniu algunes imatges:<\/p>\n<p>&nbsp;<br \/>\n&nbsp;<br \/>\n&nbsp;<br \/>\n&nbsp;<br \/>\n&nbsp;<br \/>\n&nbsp;<br \/>\n&nbsp;<br \/>\n&nbsp;<\/p>\n","protected":false},"author":1,"featured_media":4294,"comment_status":"open","ping_status":"open","sticky":false,"template":"","format":"standard","meta":{"_bbp_topic_count":0,"_bbp_reply_count":0,"_bbp_total_topic_count":0,"_bbp_total_reply_count":0,"_bbp_voice_count":0,"_bbp_anonymous_reply_count":0,"_bbp_topic_count_hidden":0,"_bbp_reply_count_hidden":0,"_bbp_forum_subforum_count":0,"footnotes":""},"categories":[86],"tags":[146],"class_list":["post-4295","post","type-post","status-publish","format-standard","has-post-thumbnail","hentry","category-blog","tag-llegim-en-parella"],"post_mailing_queue_ids":[],"_links":{"self":[{"href":"https:\/\/agora.xtec.cat\/escolaestevebarrachina\/wp-json\/wp\/v2\/posts\/4295","targetHints":{"allow":["GET"]}}],"collection":[{"href":"https:\/\/agora.xtec.cat\/escolaestevebarrachina\/wp-json\/wp\/v2\/posts"}],"about":[{"href":"https:\/\/agora.xtec.cat\/escolaestevebarrachina\/wp-json\/wp\/v2\/types\/post"}],"author":[{"embeddable":true,"href":"https:\/\/agora.xtec.cat\/escolaestevebarrachina\/wp-json\/wp\/v2\/users\/1"}],"replies":[{"embeddable":true,"href":"https:\/\/agora.xtec.cat\/escolaestevebarrachina\/wp-json\/wp\/v2\/comments?post=4295"}],"version-history":[{"count":0,"href":"https:\/\/agora.xtec.cat\/escolaestevebarrachina\/wp-json\/wp\/v2\/posts\/4295\/revisions"}],"wp:featuredmedia":[{"embeddable":true,"href":"https:\/\/agora.xtec.cat\/escolaestevebarrachina\/wp-json\/"}],"wp:attachment":[{"href":"https:\/\/agora.xtec.cat\/escolaestevebarrachina\/wp-json\/wp\/v2\/media?parent=4295"}],"wp:term":[{"taxonomy":"category","embeddable":true,"href":"https:\/\/agora.xtec.cat\/escolaestevebarrachina\/wp-json\/wp\/v2\/categories?post=4295"},{"taxonomy":"post_tag","embeddable":true,"href":"https:\/\/agora.xtec.cat\/escolaestevebarrachina\/wp-json\/wp\/v2\/tags?post=4295"}],"curies":[{"name":"wp","href":"https:\/\/api.w.org\/{rel}","templated":true}]}}