{"id":4279,"date":"2018-02-02T17:23:18","date_gmt":"2018-02-02T16:23:18","guid":{"rendered":"https:\/\/escolaestevebarrachina.cat\/?p=4279"},"modified":"2018-02-02T17:23:18","modified_gmt":"2018-02-02T16:23:18","slug":"concert-primavera-2018","status":"publish","type":"post","link":"https:\/\/agora.xtec.cat\/escolaestevebarrachina\/blog\/concert-primavera-2018\/","title":{"rendered":"Concert Primavera 2018"},"content":{"rendered":"<p>&nbsp;<\/p>\n<p><span lang=\"CA\"><img loading=\"lazy\" decoding=\"async\" class=\"aligncenter size-medium wp-image-4280\" src=\"https:\/\/escolaestevebarrachina.cat\/wp-content\/uploads\/2018\/02\/IMG_5180-300x169.jpg\" alt=\"\" width=\"300\" height=\"169\" \/>Ja tenim data pel concert de primavera d&#8217;aquest curs: 25 de maig!<\/span><\/p>\n<p><span lang=\"CA\">A principis del curs passat, el claustre de l&#8217;escola va acordar que el concert per les fam\u00edlies que tradicionalment s&#8217;havia fet per nadal passaria a fer-se a la primavera. La not\u00edcia va ser rebuda amb sorpresa per no poques fam\u00edlies per\u00f2, tot i els dubtes que es poguessin generar en un principi, des de l&#8217;escola es van valorar\u00a0molt\u00a0positivament els resultats obtinguts d&#8217;aquest &#8220;experiment&#8221;, aix\u00ed que aquest curs repetim la f\u00f3rmula.<\/span><\/p>\n<p><span lang=\"CA\">Cal recordar que aquest canvi es va dur a terme per motius pedag\u00f2gics, \u00fanicament en benefici de l&#8217;alumnat. En el seg\u00fcent enlla\u00e7 podeu veure tots els avantatges que va aportar aquest nou plantejament: <a href=\"https:\/\/escolaestevebarrachina.cat\/concert-de-primavera-3\/\">Concert de Primavera 2017<\/a><\/span><\/p>\n<p><span lang=\"CA\">Aix\u00ed doncs, la cita \u00e9s el 25 de maig, al Casino Prado, a les 9:30 h Cicle Mitj\u00e0 i Superior, i 11 h Infantil i Cicle Inicial. En el seu moment ja s&#8217;aniran concretant altres detalls.<\/span><\/p>\n<p><span lang=\"CA\">\u00a0<\/span><span lang=\"CA\">Us hi\u00a0esperem!!<\/span><\/p>\n","protected":false},"excerpt":{"rendered":"<p>&nbsp;<br \/>\nJa tenim data pel concert de primavera d&#8217;aquest curs: 25 de maig!<br \/>\nA principis del curs passat, el claustre de l&#8217;escola va acordar que el concert per les fam\u00edlies que tradicionalment s&#8217;havia fet per nadal passaria a fer-se a la primavera. La not\u00edcia va ser rebuda&hellip;  <a href=\"https:\/\/agora.xtec.cat\/escolaestevebarrachina\/blog\/concert-primavera-2018\/\" title=\"Read Concert Primavera 2018\">Llegeix m\u00e9s\u00bb<\/a><\/p>\n","protected":false},"author":1,"featured_media":4280,"comment_status":"open","ping_status":"open","sticky":false,"template":"","format":"standard","meta":{"_bbp_topic_count":0,"_bbp_reply_count":0,"_bbp_total_topic_count":0,"_bbp_total_reply_count":0,"_bbp_voice_count":0,"_bbp_anonymous_reply_count":0,"_bbp_topic_count_hidden":0,"_bbp_reply_count_hidden":0,"_bbp_forum_subforum_count":0,"footnotes":""},"categories":[86],"tags":[],"class_list":["post-4279","post","type-post","status-publish","format-standard","has-post-thumbnail","hentry","category-blog"],"post_mailing_queue_ids":[],"_links":{"self":[{"href":"https:\/\/agora.xtec.cat\/escolaestevebarrachina\/wp-json\/wp\/v2\/posts\/4279","targetHints":{"allow":["GET"]}}],"collection":[{"href":"https:\/\/agora.xtec.cat\/escolaestevebarrachina\/wp-json\/wp\/v2\/posts"}],"about":[{"href":"https:\/\/agora.xtec.cat\/escolaestevebarrachina\/wp-json\/wp\/v2\/types\/post"}],"author":[{"embeddable":true,"href":"https:\/\/agora.xtec.cat\/escolaestevebarrachina\/wp-json\/wp\/v2\/users\/1"}],"replies":[{"embeddable":true,"href":"https:\/\/agora.xtec.cat\/escolaestevebarrachina\/wp-json\/wp\/v2\/comments?post=4279"}],"version-history":[{"count":0,"href":"https:\/\/agora.xtec.cat\/escolaestevebarrachina\/wp-json\/wp\/v2\/posts\/4279\/revisions"}],"wp:featuredmedia":[{"embeddable":true,"href":"https:\/\/agora.xtec.cat\/escolaestevebarrachina\/wp-json\/"}],"wp:attachment":[{"href":"https:\/\/agora.xtec.cat\/escolaestevebarrachina\/wp-json\/wp\/v2\/media?parent=4279"}],"wp:term":[{"taxonomy":"category","embeddable":true,"href":"https:\/\/agora.xtec.cat\/escolaestevebarrachina\/wp-json\/wp\/v2\/categories?post=4279"},{"taxonomy":"post_tag","embeddable":true,"href":"https:\/\/agora.xtec.cat\/escolaestevebarrachina\/wp-json\/wp\/v2\/tags?post=4279"}],"curies":[{"name":"wp","href":"https:\/\/api.w.org\/{rel}","templated":true}]}}