{"id":4249,"date":"2017-12-18T13:30:30","date_gmt":"2017-12-18T12:30:30","guid":{"rendered":"https:\/\/escolaestevebarrachina.cat\/?p=4249"},"modified":"2017-12-18T13:30:30","modified_gmt":"2017-12-18T12:30:30","slug":"aquesta-quinzena-escoltem-regala-petons-obeses","status":"publish","type":"post","link":"https:\/\/agora.xtec.cat\/escolaestevebarrachina\/blog\/aquesta-quinzena-escoltem-regala-petons-obeses\/","title":{"rendered":"Aquesta quinzena escoltem&#8230; &#8220;Regala petons&#8221; (Obeses)"},"content":{"rendered":"<p>Per a acabar el trimestre escoltarem una can\u00e7\u00f3 molt nadalenca dels Obeses, &#8220;Regala petons&#8221;.<\/p>\n<p><b>Obeses<\/b>\u00a0\u00e9s un grup de pop rock catal\u00e0, liderta per Arnau Tordera. Va llan\u00e7ar el seu primer disc,\u00a0<i>Obesisme Il\u00b7lustrat<\/i>, el 2011, i posteriorment\u00a0<i>Zel,<\/i>\u00a0el 2013. El 2015 es va publicar el seu tercer treball,\u00a0<i>Monstres i Princeses<\/i>. Amb aquest tercer disc han assolit el reconeixement un\u00e0nime del p\u00fablic i de la cr\u00edtica amb premis com el\u00a0<a title=\"Premi Disc Catal\u00e0 de l'Any\" href=\"https:\/\/ca.wikipedia.org\/wiki\/Premi_Disc_Catal%C3%A0_de_l%27Any\">Disc catal\u00e0 de l&#8217;Any<\/a>\u00a02015 (atorgat per R\u00e0dio4), el disc Xtrems 2015 (R\u00e0dio Badalona) o el Premi de la cr\u00edtica Enderrock al millor artista de 2015. Durant el 2016 creen l&#8217;\u00f2pera rock\u00a0<i>Verdaguer, ombres i maduixes<\/i>\u00a0dedicada a\u00a0<a title=\"Jacint Verdaguer i Santal\u00f3\" href=\"https:\/\/ca.wikipedia.org\/wiki\/Jacint_Verdaguer_i_Santal%C3%B3\">Jacint Verdaguer<\/a>, i en surt publicat un doble CD el 2017.<\/p>\n<p>Bones festes a tothom!<\/p>\n<p><iframe loading=\"lazy\" title=\"Aquest Nadal regala petons\" width=\"500\" height=\"375\" src=\"https:\/\/www.youtube.com\/embed\/rMdxEKjJxlo?feature=oembed\" frameborder=\"0\" allow=\"accelerometer; autoplay; clipboard-write; encrypted-media; gyroscope; picture-in-picture; web-share\" referrerpolicy=\"strict-origin-when-cross-origin\" allowfullscreen><\/iframe><\/p>\n<p>&nbsp;<\/p>\n","protected":false},"excerpt":{"rendered":"<p>Per a acabar el trimestre escoltarem una can\u00e7\u00f3 molt nadalenca dels Obeses, &#8220;Regala petons&#8221;.<br \/>\nObeses\u00a0\u00e9s un grup de pop rock catal\u00e0, liderta per Arnau Tordera. Va llan\u00e7ar el seu primer disc,\u00a0Obesisme Il\u00b7lustrat, el 2011, i posteriorment\u00a0Zel,\u00a0el 2013. El 2015 es va publicar el seu tercer treball,\u00a0Monstres&hellip;  <a href=\"https:\/\/agora.xtec.cat\/escolaestevebarrachina\/blog\/aquesta-quinzena-escoltem-regala-petons-obeses\/\" title=\"Read Aquesta quinzena escoltem&#8230; &#8220;Regala petons&#8221; (Obeses)\">Llegeix m\u00e9s\u00bb<\/a><\/p>\n","protected":false},"author":1,"featured_media":4251,"comment_status":"open","ping_status":"open","sticky":false,"template":"","format":"standard","meta":{"_bbp_topic_count":0,"_bbp_reply_count":0,"_bbp_total_topic_count":0,"_bbp_total_reply_count":0,"_bbp_voice_count":0,"_bbp_anonymous_reply_count":0,"_bbp_topic_count_hidden":0,"_bbp_reply_count_hidden":0,"_bbp_forum_subforum_count":0,"footnotes":""},"categories":[86],"tags":[],"class_list":["post-4249","post","type-post","status-publish","format-standard","has-post-thumbnail","hentry","category-blog"],"post_mailing_queue_ids":[],"_links":{"self":[{"href":"https:\/\/agora.xtec.cat\/escolaestevebarrachina\/wp-json\/wp\/v2\/posts\/4249","targetHints":{"allow":["GET"]}}],"collection":[{"href":"https:\/\/agora.xtec.cat\/escolaestevebarrachina\/wp-json\/wp\/v2\/posts"}],"about":[{"href":"https:\/\/agora.xtec.cat\/escolaestevebarrachina\/wp-json\/wp\/v2\/types\/post"}],"author":[{"embeddable":true,"href":"https:\/\/agora.xtec.cat\/escolaestevebarrachina\/wp-json\/wp\/v2\/users\/1"}],"replies":[{"embeddable":true,"href":"https:\/\/agora.xtec.cat\/escolaestevebarrachina\/wp-json\/wp\/v2\/comments?post=4249"}],"version-history":[{"count":0,"href":"https:\/\/agora.xtec.cat\/escolaestevebarrachina\/wp-json\/wp\/v2\/posts\/4249\/revisions"}],"wp:featuredmedia":[{"embeddable":true,"href":"https:\/\/agora.xtec.cat\/escolaestevebarrachina\/wp-json\/"}],"wp:attachment":[{"href":"https:\/\/agora.xtec.cat\/escolaestevebarrachina\/wp-json\/wp\/v2\/media?parent=4249"}],"wp:term":[{"taxonomy":"category","embeddable":true,"href":"https:\/\/agora.xtec.cat\/escolaestevebarrachina\/wp-json\/wp\/v2\/categories?post=4249"},{"taxonomy":"post_tag","embeddable":true,"href":"https:\/\/agora.xtec.cat\/escolaestevebarrachina\/wp-json\/wp\/v2\/tags?post=4249"}],"curies":[{"name":"wp","href":"https:\/\/api.w.org\/{rel}","templated":true}]}}