{"id":4233,"date":"2017-12-18T00:23:01","date_gmt":"2017-12-17T23:23:01","guid":{"rendered":"https:\/\/escolaestevebarrachina.cat\/?p=4233"},"modified":"2017-12-18T00:23:01","modified_gmt":"2017-12-17T23:23:01","slug":"marato-2017","status":"publish","type":"post","link":"https:\/\/agora.xtec.cat\/escolaestevebarrachina\/blog\/marato-2017\/","title":{"rendered":"Marat\u00f3 2017"},"content":{"rendered":"<p>Un cop m\u00e9s, l&#8217;AMPA de la nostra escola ha organitzat, aquest passat divendres 15 de desembre, la Festa de la Marat\u00f3 per a recaptar diners, enguany destinats\u00a0 a les malalties infeccioses.<\/p>\n<p>En motiu de la celebraci\u00f3 s&#8217;ha fet una xerrada a l&#8217;alumnat del cicle superior, a c\u00e0rrec de professionals de la salut,\u00a0 sobre la import\u00e0ncia de mantenir una bona higiene per tal d&#8217;evitar determinades malalties infeccioses.<img loading=\"lazy\" decoding=\"async\" class=\"alignleft size-large wp-image-4235\" src=\"https:\/\/escolaestevebarrachina.cat\/wp-content\/uploads\/2017\/12\/xerrada-1024x768.jpg\" alt=\"\" width=\"980\" height=\"735\" \/><\/p>\n<p>&nbsp;<\/p>\n<p>&nbsp;<\/p>\n<p>&nbsp;<\/p>\n<p>&nbsp;<\/p>\n<p>&nbsp;<\/p>\n<p>&nbsp;<\/p>\n<p>&nbsp;<\/p>\n<p>&nbsp;<\/p>\n<p>&nbsp;<\/p>\n<p><img loading=\"lazy\" decoding=\"async\" class=\"alignleft size-large wp-image-4234\" src=\"https:\/\/escolaestevebarrachina.cat\/wp-content\/uploads\/2017\/12\/xerrada-1-1024x768.jpg\" alt=\"\" width=\"980\" height=\"735\" \/><\/p>\n<p>&nbsp;<\/p>\n<p>&nbsp;<\/p>\n<p>A partir de les 16&#8217;30 i fins les 19h s&#8217;han programat diverses activitats amb l&#8217;objectiu de recaptar diners:<\/p>\n<ul>\n<li>Tallers dirigits per les nostres fam\u00edlies<img loading=\"lazy\" decoding=\"async\" class=\"alignleft size-large wp-image-4241\" src=\"https:\/\/escolaestevebarrachina.cat\/wp-content\/uploads\/2017\/12\/tallers-1024x768.jpg\" alt=\"\" width=\"980\" height=\"735\" \/><\/li>\n<li>\u00a0 <img loading=\"lazy\" decoding=\"async\" class=\"alignleft size-large wp-image-4238\" src=\"https:\/\/escolaestevebarrachina.cat\/wp-content\/uploads\/2017\/12\/batuka-petits-1024x768.jpg\" alt=\"\" width=\"980\" height=\"735\" \/> \u00a0 Exhibici\u00f3 de batuka amb el grup infantil i els m\u00e9s grans<\/li>\n<\/ul>\n<p>&nbsp;<\/p>\n<p>&nbsp;<\/p>\n<p>&nbsp;<\/p>\n<p>&nbsp;<\/p>\n<p>&nbsp;<\/p>\n<p>&nbsp;<\/p>\n<p>&nbsp;<\/p>\n<p>&nbsp;<\/p>\n<p>&nbsp;<\/p>\n<p><img loading=\"lazy\" decoding=\"async\" class=\"size-large wp-image-4237 alignright\" src=\"https:\/\/escolaestevebarrachina.cat\/wp-content\/uploads\/2017\/12\/Batuka-grans-1024x768.jpg\" alt=\"\" width=\"980\" height=\"735\" \/><\/p>\n<p>&nbsp;<\/p>\n<p>&nbsp;<\/p>\n<p>&nbsp;<\/p>\n<p>&nbsp;<\/p>\n<p>&nbsp;<\/p>\n<p>&nbsp;<\/p>\n<p>&nbsp;<\/p>\n<p>&nbsp;<\/p>\n<p>&nbsp;<\/p>\n<p>&nbsp;<\/p>\n<ul>\n<li>Partit de handbol: fam\u00edlies i docent<\/li>\n<\/ul>\n<p><img loading=\"lazy\" decoding=\"async\" class=\"alignleft size-full wp-image-4240\" src=\"https:\/\/escolaestevebarrachina.cat\/wp-content\/uploads\/2017\/12\/Partit-handbol.jpg\" alt=\"\" width=\"1000\" height=\"750\" \/><\/p>\n<ul>\n<li>Teatre de les emocions<\/li>\n<\/ul>\n<p><img loading=\"lazy\" decoding=\"async\" class=\"alignleft size-large wp-image-4236\" src=\"https:\/\/escolaestevebarrachina.cat\/wp-content\/uploads\/2017\/12\/teatre-emocions-1024x576.jpg\" alt=\"\" width=\"980\" height=\"551\" \/><\/p>\n<p>&nbsp;<\/p>\n<p>&nbsp;<\/p>\n<p>&nbsp;<\/p>\n<p>&nbsp;<\/p>\n<p>&nbsp;<\/p>\n<p>&nbsp;<\/p>\n<p>&nbsp;<\/p>\n<ul>\n<li>I per acabar una xocolatada, gentilesa de l&#8217;empresa T\u00e0ndem-menjadors.<\/li>\n<\/ul>\n<p><strong>Gr\u00e0cies a tots i totes s&#8217;han recaptat 1381&#8217;84\u20ac<\/strong><\/p>\n<p><a href=\"https:\/\/www.flickr.com\/photos\/105651434@N04\/albums\/72157689652050351\"><strong>SEGUIR MIRANT<\/strong><\/a><\/p>\n<p><span style=\"border-radius: 2px; text-indent: 20px; width: auto; padding: 0px 4px 0px 0px; text-align: center; font: bold 11px\/20px 'Helvetica Neue',Helvetica,sans-serif; color: #ffffff; background: #bd081c no-repeat scroll 3px 50% \/ 14px 14px; position: absolute; opacity: 1; z-index: 8675309; display: none; cursor: pointer; top: 2280px; left: 20px;\">Guardar<\/span><\/p>\n<p><span style=\"border-radius: 2px; text-indent: 20px; width: auto; padding: 0px 4px 0px 0px; text-align: center; font: bold 11px\/20px 'Helvetica Neue',Helvetica,sans-serif; color: #ffffff; background: #bd081c no-repeat scroll 3px 50% \/ 14px 14px; position: absolute; opacity: 1; z-index: 8675309; display: none; cursor: pointer; top: 1445px; left: 60px;\">Guardar<\/span><\/p>\n<p><span style=\"border-radius: 2px; text-indent: 20px; width: auto; padding: 0px 4px 0px 0px; text-align: center; font: bold 11px\/20px 'Helvetica Neue',Helvetica,sans-serif; color: #ffffff; background: #bd081c  no-repeat scroll 3px 50% \/ 14px 14px; position: absolute; opacity: 1; z-index: 8675309; display: none; cursor: pointer; top: 2679px; left: 20px;\">Guardar<\/span><\/p>\n","protected":false},"excerpt":{"rendered":"<p>Un cop m\u00e9s, l&#8217;AMPA de la nostra escola ha organitzat, aquest passat divendres 15 de desembre, la Festa de la Marat\u00f3 per a recaptar diners, enguany destinats\u00a0 a les malalties infeccioses.<br \/>\nEn motiu de la celebraci\u00f3 s&#8217;ha fet una xerrada a l&#8217;alumnat del cicle superior, a&hellip;  <a href=\"https:\/\/agora.xtec.cat\/escolaestevebarrachina\/blog\/marato-2017\/\" title=\"Read Marat\u00f3 2017\">Llegeix m\u00e9s\u00bb<\/a><\/p>\n","protected":false},"author":1,"featured_media":4239,"comment_status":"open","ping_status":"open","sticky":false,"template":"","format":"standard","meta":{"_bbp_topic_count":0,"_bbp_reply_count":0,"_bbp_total_topic_count":0,"_bbp_total_reply_count":0,"_bbp_voice_count":0,"_bbp_anonymous_reply_count":0,"_bbp_topic_count_hidden":0,"_bbp_reply_count_hidden":0,"_bbp_forum_subforum_count":0,"footnotes":""},"categories":[86],"tags":[142],"class_list":["post-4233","post","type-post","status-publish","format-standard","has-post-thumbnail","hentry","category-blog","tag-marato"],"post_mailing_queue_ids":[],"_links":{"self":[{"href":"https:\/\/agora.xtec.cat\/escolaestevebarrachina\/wp-json\/wp\/v2\/posts\/4233","targetHints":{"allow":["GET"]}}],"collection":[{"href":"https:\/\/agora.xtec.cat\/escolaestevebarrachina\/wp-json\/wp\/v2\/posts"}],"about":[{"href":"https:\/\/agora.xtec.cat\/escolaestevebarrachina\/wp-json\/wp\/v2\/types\/post"}],"author":[{"embeddable":true,"href":"https:\/\/agora.xtec.cat\/escolaestevebarrachina\/wp-json\/wp\/v2\/users\/1"}],"replies":[{"embeddable":true,"href":"https:\/\/agora.xtec.cat\/escolaestevebarrachina\/wp-json\/wp\/v2\/comments?post=4233"}],"version-history":[{"count":0,"href":"https:\/\/agora.xtec.cat\/escolaestevebarrachina\/wp-json\/wp\/v2\/posts\/4233\/revisions"}],"wp:featuredmedia":[{"embeddable":true,"href":"https:\/\/agora.xtec.cat\/escolaestevebarrachina\/wp-json\/"}],"wp:attachment":[{"href":"https:\/\/agora.xtec.cat\/escolaestevebarrachina\/wp-json\/wp\/v2\/media?parent=4233"}],"wp:term":[{"taxonomy":"category","embeddable":true,"href":"https:\/\/agora.xtec.cat\/escolaestevebarrachina\/wp-json\/wp\/v2\/categories?post=4233"},{"taxonomy":"post_tag","embeddable":true,"href":"https:\/\/agora.xtec.cat\/escolaestevebarrachina\/wp-json\/wp\/v2\/tags?post=4233"}],"curies":[{"name":"wp","href":"https:\/\/api.w.org\/{rel}","templated":true}]}}