{"id":4185,"date":"2017-12-03T18:38:30","date_gmt":"2017-12-03T17:38:30","guid":{"rendered":"https:\/\/escolaestevebarrachina.cat\/?p=4185"},"modified":"2017-12-03T18:38:30","modified_gmt":"2017-12-03T17:38:30","slug":"campanya-gran-recapte-daliments","status":"publish","type":"post","link":"https:\/\/agora.xtec.cat\/escolaestevebarrachina\/blog\/campanya-gran-recapte-daliments\/","title":{"rendered":"Campanya &#8220;Gran Recapte d&#8217;aliments&#8221;"},"content":{"rendered":"<p>Amb motiu de les jornades solid\u00e0ries,\u00a0 enguany centrades\u00a0 en el voluntariat, l&#8217;alumnat del cicle mitj\u00e0 participar\u00e0 en un projecte d&#8217;aprenentatgeservei amb C\u00e0ritas. El projecte s&#8217;endegar\u00e0 a partir del mes de gener i\u00a0 conclour\u00e0 amb la campanya de recollida d&#8217; aliments durant el mes de mar\u00e7.<\/p>\n<p>Aprofitant que els dies 1 i 2 de desembre es feia la campanya del Gran Recapte d&#8217;aliments, els nens i nenes s&#8217;han iniciat fent de voluntaris en els Supermercats\u00a0 &#8220;Consum&#8221; i &#8220;Carrefour&#8221; per observar i con\u00e8ixer com es desenvolupa el proc\u00e9s de recollida d&#8217;aliments. D&#8217;aquesta manera quan ells hagin de desenvolupar la seva pr\u00f2pia campanya, en tinguin ja\u00a0 algunes nocions.<\/p>\n<p><img loading=\"lazy\" decoding=\"async\" class=\"alignleft size-large wp-image-4191\" src=\"https:\/\/escolaestevebarrachina.cat\/wp-content\/uploads\/2017\/12\/IMG_20171202_183801-1024x576.jpg\" alt=\"\" width=\"980\" height=\"551\" \/><\/p>\n<p>&nbsp;<\/p>\n<p>&nbsp;<\/p>\n<p>&nbsp;<\/p>\n<p>&nbsp;<\/p>\n<p>&nbsp;<\/p>\n<p>&nbsp;<\/p>\n<p>&nbsp;<\/p>\n<p><img loading=\"lazy\" decoding=\"async\" class=\"alignleft size-large wp-image-4190\" src=\"https:\/\/escolaestevebarrachina.cat\/wp-content\/uploads\/2017\/12\/IMG_20171202_121239-1024x576.jpg\" alt=\"\" width=\"980\" height=\"551\" \/><\/p>\n<p>&nbsp;<\/p>\n<p>&nbsp;<\/p>\n<p>&nbsp;<\/p>\n<p>&nbsp;<\/p>\n<p>&nbsp;<\/p>\n<p>&nbsp;<\/p>\n<p>&nbsp;<\/p>\n<p><img loading=\"lazy\" decoding=\"async\" class=\"alignleft size-large wp-image-4189\" src=\"https:\/\/escolaestevebarrachina.cat\/wp-content\/uploads\/2017\/12\/IMG-20171202-WA0023-1024x575.jpg\" alt=\"\" width=\"980\" height=\"550\" \/><\/p>\n<p><a href=\"https:\/\/www.flickr.com\/photos\/105651434@N04\/38094383534\/in\/album-72157689168738601\/\">Seguir mirant<\/a><\/p>\n<p>&nbsp;<\/p>\n<p>&nbsp;<\/p>\n<p>&nbsp;<\/p>\n<p>&nbsp;<\/p>\n<p>&nbsp;<\/p>\n<p>&nbsp;<\/p>\n<p>&nbsp;<\/p>\n<p>&nbsp;<\/p>\n","protected":false},"excerpt":{"rendered":"<p>Amb motiu de les jornades solid\u00e0ries,\u00a0 enguany centrades\u00a0 en el voluntariat, l&#8217;alumnat del cicle mitj\u00e0 participar\u00e0 en un projecte d&#8217;aprenentatgeservei amb C\u00e0ritas. El projecte s&#8217;endegar\u00e0 a partir del mes de gener i\u00a0 conclour\u00e0 amb la campanya de recollida d&#8217; aliments durant el mes de mar\u00e7.<br \/>\nAprofitant&hellip;  <a href=\"https:\/\/agora.xtec.cat\/escolaestevebarrachina\/blog\/campanya-gran-recapte-daliments\/\" title=\"Read Campanya &#8220;Gran Recapte d&#8217;aliments&#8221;\">Llegeix m\u00e9s\u00bb<\/a><\/p>\n","protected":false},"author":1,"featured_media":4187,"comment_status":"open","ping_status":"open","sticky":false,"template":"","format":"standard","meta":{"_bbp_topic_count":0,"_bbp_reply_count":0,"_bbp_total_topic_count":0,"_bbp_total_reply_count":0,"_bbp_voice_count":0,"_bbp_anonymous_reply_count":0,"_bbp_topic_count_hidden":0,"_bbp_reply_count_hidden":0,"_bbp_forum_subforum_count":0,"footnotes":""},"categories":[86],"tags":[],"class_list":["post-4185","post","type-post","status-publish","format-standard","has-post-thumbnail","hentry","category-blog"],"post_mailing_queue_ids":[],"_links":{"self":[{"href":"https:\/\/agora.xtec.cat\/escolaestevebarrachina\/wp-json\/wp\/v2\/posts\/4185","targetHints":{"allow":["GET"]}}],"collection":[{"href":"https:\/\/agora.xtec.cat\/escolaestevebarrachina\/wp-json\/wp\/v2\/posts"}],"about":[{"href":"https:\/\/agora.xtec.cat\/escolaestevebarrachina\/wp-json\/wp\/v2\/types\/post"}],"author":[{"embeddable":true,"href":"https:\/\/agora.xtec.cat\/escolaestevebarrachina\/wp-json\/wp\/v2\/users\/1"}],"replies":[{"embeddable":true,"href":"https:\/\/agora.xtec.cat\/escolaestevebarrachina\/wp-json\/wp\/v2\/comments?post=4185"}],"version-history":[{"count":0,"href":"https:\/\/agora.xtec.cat\/escolaestevebarrachina\/wp-json\/wp\/v2\/posts\/4185\/revisions"}],"wp:featuredmedia":[{"embeddable":true,"href":"https:\/\/agora.xtec.cat\/escolaestevebarrachina\/wp-json\/"}],"wp:attachment":[{"href":"https:\/\/agora.xtec.cat\/escolaestevebarrachina\/wp-json\/wp\/v2\/media?parent=4185"}],"wp:term":[{"taxonomy":"category","embeddable":true,"href":"https:\/\/agora.xtec.cat\/escolaestevebarrachina\/wp-json\/wp\/v2\/categories?post=4185"},{"taxonomy":"post_tag","embeddable":true,"href":"https:\/\/agora.xtec.cat\/escolaestevebarrachina\/wp-json\/wp\/v2\/tags?post=4185"}],"curies":[{"name":"wp","href":"https:\/\/api.w.org\/{rel}","templated":true}]}}