{"id":4179,"date":"2017-11-30T16:52:27","date_gmt":"2017-11-30T15:52:27","guid":{"rendered":"https:\/\/escolaestevebarrachina.cat\/?p=4179"},"modified":"2017-11-30T16:52:27","modified_gmt":"2017-11-30T15:52:27","slug":"aquesta-quinzena-escoltem-magic-joan-colomo","status":"publish","type":"post","link":"https:\/\/agora.xtec.cat\/escolaestevebarrachina\/blog\/aquesta-quinzena-escoltem-magic-joan-colomo\/","title":{"rendered":"Aquesta quinzena escoltem&#8230;&#8221;M\u00e0gic&#8221; (Joan Colomo)"},"content":{"rendered":"<p><b>Joan Colomo <\/b>\u00a0\u00e9s un m\u00fasic i cantautor catal\u00e0. Ha format part de diferents bandes, essent les m\u00e9s destacades Zeidun (veus i guitarra), Moksha (baix) o Unfinished Sympathy (guitarra).\u00a0<sup id=\"cite_ref-2\" class=\"reference\"><\/sup>L&#8217;any\u00a0<a title=\"2004\" href=\"https:\/\/ca.wikipedia.org\/wiki\/2004\">2004<\/a>\u00a0va fundar la C\u00e9lula Durmiente, un trio de m\u00fasica ecl\u00e8ctica que han tingut una activitat intermitent arribant a publicar tres discos.\u00a0<sup id=\"cite_ref-3\" class=\"reference\"><\/sup>No ser\u00e0 fins al\u00a0<a title=\"2009\" href=\"https:\/\/ca.wikipedia.org\/wiki\/2009\">2009<\/a>\u00a0va debutar en solitari amb el disc\u00a0<i>Contra todo pron\u00f3stico\u00a0<\/i><sup id=\"cite_ref-contra_4-0\" class=\"reference\"><\/sup>el qual el van seguir en poc m\u00e9s de dos anys, els volums 1\u00a0<sup id=\"cite_ref-producto1_5-0\" class=\"reference\"><\/sup>i 2 de Producto Interior Bruto\u00a0<sup id=\"cite_ref-_6-0\" class=\"reference\"><\/sup>amb el que va aconseguir bones cr\u00edtiques. El\u00a0<a title=\"2014\" href=\"https:\/\/ca.wikipedia.org\/wiki\/2014\">2014<\/a>\u00a0surt a la venda el nou disc anomenat\u00a0<i>La f\u00edlia i la f\u00f2bia.<\/i><sup id=\"cite_ref-La_f.C3.ADlia_i_la_f.C3.B2bia_8-0\" class=\"reference\"><\/sup><\/p>\n<p><iframe loading=\"lazy\" title=\"Joan Colomo - M\u00e0gic\" width=\"500\" height=\"281\" src=\"https:\/\/www.youtube.com\/embed\/hCsrDSongSk?feature=oembed\" frameborder=\"0\" allow=\"accelerometer; autoplay; clipboard-write; encrypted-media; gyroscope; picture-in-picture; web-share\" referrerpolicy=\"strict-origin-when-cross-origin\" allowfullscreen><\/iframe><\/p>\n<p>&nbsp;<\/p>\n<p>&nbsp;<\/p>\n","protected":false},"excerpt":{"rendered":"<p>Joan Colomo \u00a0\u00e9s un m\u00fasic i cantautor catal\u00e0. Ha format part de diferents bandes, essent les m\u00e9s destacades Zeidun (veus i guitarra), Moksha (baix) o Unfinished Sympathy (guitarra).\u00a0L&#8217;any\u00a0<a title=\"2004\" href=\"https:\/\/ca.wikipedia.org\/wiki\/2004\">2004<\/a>\u00a0va fundar la C\u00e9lula Durmiente, un trio de m\u00fasica ecl\u00e8ctica que han tingut una activitat intermitent&hellip;  <a href=\"https:\/\/agora.xtec.cat\/escolaestevebarrachina\/blog\/aquesta-quinzena-escoltem-magic-joan-colomo\/\" title=\"Read Aquesta quinzena escoltem&#8230;&#8221;M\u00e0gic&#8221; (Joan Colomo)\">Llegeix m\u00e9s\u00bb<\/a><\/p>\n","protected":false},"author":1,"featured_media":4180,"comment_status":"open","ping_status":"open","sticky":false,"template":"","format":"standard","meta":{"_bbp_topic_count":0,"_bbp_reply_count":0,"_bbp_total_topic_count":0,"_bbp_total_reply_count":0,"_bbp_voice_count":0,"_bbp_anonymous_reply_count":0,"_bbp_topic_count_hidden":0,"_bbp_reply_count_hidden":0,"_bbp_forum_subforum_count":0,"footnotes":""},"categories":[86],"tags":[],"class_list":["post-4179","post","type-post","status-publish","format-standard","has-post-thumbnail","hentry","category-blog"],"post_mailing_queue_ids":[],"_links":{"self":[{"href":"https:\/\/agora.xtec.cat\/escolaestevebarrachina\/wp-json\/wp\/v2\/posts\/4179","targetHints":{"allow":["GET"]}}],"collection":[{"href":"https:\/\/agora.xtec.cat\/escolaestevebarrachina\/wp-json\/wp\/v2\/posts"}],"about":[{"href":"https:\/\/agora.xtec.cat\/escolaestevebarrachina\/wp-json\/wp\/v2\/types\/post"}],"author":[{"embeddable":true,"href":"https:\/\/agora.xtec.cat\/escolaestevebarrachina\/wp-json\/wp\/v2\/users\/1"}],"replies":[{"embeddable":true,"href":"https:\/\/agora.xtec.cat\/escolaestevebarrachina\/wp-json\/wp\/v2\/comments?post=4179"}],"version-history":[{"count":0,"href":"https:\/\/agora.xtec.cat\/escolaestevebarrachina\/wp-json\/wp\/v2\/posts\/4179\/revisions"}],"wp:featuredmedia":[{"embeddable":true,"href":"https:\/\/agora.xtec.cat\/escolaestevebarrachina\/wp-json\/"}],"wp:attachment":[{"href":"https:\/\/agora.xtec.cat\/escolaestevebarrachina\/wp-json\/wp\/v2\/media?parent=4179"}],"wp:term":[{"taxonomy":"category","embeddable":true,"href":"https:\/\/agora.xtec.cat\/escolaestevebarrachina\/wp-json\/wp\/v2\/categories?post=4179"},{"taxonomy":"post_tag","embeddable":true,"href":"https:\/\/agora.xtec.cat\/escolaestevebarrachina\/wp-json\/wp\/v2\/tags?post=4179"}],"curies":[{"name":"wp","href":"https:\/\/api.w.org\/{rel}","templated":true}]}}