{"id":4161,"date":"2017-11-14T13:07:36","date_gmt":"2017-11-14T12:07:36","guid":{"rendered":"https:\/\/escolaestevebarrachina.cat\/?p=4161"},"modified":"2017-11-14T13:07:36","modified_gmt":"2017-11-14T12:07:36","slug":"aquesta-quinzena-escoltem-corren-gossos","status":"publish","type":"post","link":"https:\/\/agora.xtec.cat\/escolaestevebarrachina\/blog\/aquesta-quinzena-escoltem-corren-gossos\/","title":{"rendered":"Aquesta quinzena escoltem&#8230; &#8220;Corren&#8221; (Gossos)"},"content":{"rendered":"<p>&nbsp;<\/p>\n<p>El grup\u00a0<b>Gossos<\/b>, un dels m\u00e9s populars del\u00a0<a title=\"Rock catal\u00e0\" href=\"https:\/\/ca.wikipedia.org\/wiki\/Rock_catal%C3%A0\">Rock catal\u00e0<\/a>, va destacar en els seus inicis (1993) per la seva m\u00fasica totalment\u00a0<a title=\"M\u00fasica ac\u00fastica\" href=\"https:\/\/ca.wikipedia.org\/wiki\/M%C3%BAsica_ac%C3%BAstica\">ac\u00fastica<\/a>, nom\u00e9s amb guitarres i baix,\u00a0 fins al 2002, any en qu\u00e8 van incorporar la bateria, iniciant una electrificaci\u00f3 del seu so.<\/p>\n<p>Els membres del grup s\u00f3n:<\/p>\n<ul>\n<li>Natxo Tarr\u00e9s &#8211; veu i guitarra<\/li>\n<li>Roger Farr\u00e9 &#8211; veu i baix<\/li>\n<li>Juanjo Mu\u00f1oz &#8211; veu i guitarra<\/li>\n<li>Oriol Farr\u00e9 &#8211; veu i guitarra<\/li>\n<li>Santi Serratosa &#8211; bateria<\/li>\n<li><\/li>\n<\/ul>\n<p>&#8220;Corren&#8221;, que pertany al disc que porta per t\u00edtol &#8220;Oxigen&#8221; (2007),\u00a0s&#8217;ha convertit en una de les seves can\u00e7ons m\u00e9s conegudes\u00a0 i en una de les m\u00e9s reeixides de la\u00a0<a title=\"M\u00fasica catalana\" href=\"https:\/\/ca.wikipedia.org\/wiki\/M%C3%BAsica_catalana\">m\u00fasica en catal\u00e0<\/a>\u00a0en general.<\/p>\n<p>La versi\u00f3 de la can\u00e7\u00f3 en el disc\u00a0<i>Oxigen<\/i>\u00a0va comptar amb la col\u00b7laboraci\u00f3 de\u00a0<a title=\"Macaco (grup)\" href=\"https:\/\/ca.wikipedia.org\/wiki\/Macaco_(grup)\">\u00a0Macaco<\/a><sup id=\"cite_ref-1\" class=\"reference\"><\/sup><\/p>\n<p><iframe loading=\"lazy\" title=\"Gossos-Corren amb Dani Macaco\" width=\"500\" height=\"375\" src=\"https:\/\/www.youtube.com\/embed\/StPgukvLi44?feature=oembed\" frameborder=\"0\" allow=\"accelerometer; autoplay; clipboard-write; encrypted-media; gyroscope; picture-in-picture; web-share\" referrerpolicy=\"strict-origin-when-cross-origin\" allowfullscreen><\/iframe><\/p>\n","protected":false},"excerpt":{"rendered":"<p>&nbsp;<br \/>\nEl grup\u00a0Gossos, un dels m\u00e9s populars del\u00a0<a title=\"Rock catal\u00e0\" href=\"https:\/\/ca.wikipedia.org\/wiki\/Rock_catal%C3%A0\">Rock catal\u00e0<\/a>, va destacar en els seus inicis (1993) per la seva m\u00fasica totalment\u00a0<a title=\"M\u00fasica ac\u00fastica\" href=\"https:\/\/ca.wikipedia.org\/wiki\/M%C3%BAsica_ac%C3%BAstica\">ac\u00fastica<\/a>, nom\u00e9s amb guitarres i baix,\u00a0 fins al 2002, any en qu\u00e8 van incorporar la bateria, iniciant una electrificaci\u00f3 del&hellip;  <a href=\"https:\/\/agora.xtec.cat\/escolaestevebarrachina\/blog\/aquesta-quinzena-escoltem-corren-gossos\/\" title=\"Read Aquesta quinzena escoltem&#8230; &#8220;Corren&#8221; (Gossos)\">Llegeix m\u00e9s\u00bb<\/a><\/p>\n","protected":false},"author":1,"featured_media":4162,"comment_status":"open","ping_status":"open","sticky":false,"template":"","format":"standard","meta":{"_bbp_topic_count":0,"_bbp_reply_count":0,"_bbp_total_topic_count":0,"_bbp_total_reply_count":0,"_bbp_voice_count":0,"_bbp_anonymous_reply_count":0,"_bbp_topic_count_hidden":0,"_bbp_reply_count_hidden":0,"_bbp_forum_subforum_count":0,"footnotes":""},"categories":[86],"tags":[],"class_list":["post-4161","post","type-post","status-publish","format-standard","has-post-thumbnail","hentry","category-blog"],"post_mailing_queue_ids":[],"_links":{"self":[{"href":"https:\/\/agora.xtec.cat\/escolaestevebarrachina\/wp-json\/wp\/v2\/posts\/4161","targetHints":{"allow":["GET"]}}],"collection":[{"href":"https:\/\/agora.xtec.cat\/escolaestevebarrachina\/wp-json\/wp\/v2\/posts"}],"about":[{"href":"https:\/\/agora.xtec.cat\/escolaestevebarrachina\/wp-json\/wp\/v2\/types\/post"}],"author":[{"embeddable":true,"href":"https:\/\/agora.xtec.cat\/escolaestevebarrachina\/wp-json\/wp\/v2\/users\/1"}],"replies":[{"embeddable":true,"href":"https:\/\/agora.xtec.cat\/escolaestevebarrachina\/wp-json\/wp\/v2\/comments?post=4161"}],"version-history":[{"count":0,"href":"https:\/\/agora.xtec.cat\/escolaestevebarrachina\/wp-json\/wp\/v2\/posts\/4161\/revisions"}],"wp:featuredmedia":[{"embeddable":true,"href":"https:\/\/agora.xtec.cat\/escolaestevebarrachina\/wp-json\/"}],"wp:attachment":[{"href":"https:\/\/agora.xtec.cat\/escolaestevebarrachina\/wp-json\/wp\/v2\/media?parent=4161"}],"wp:term":[{"taxonomy":"category","embeddable":true,"href":"https:\/\/agora.xtec.cat\/escolaestevebarrachina\/wp-json\/wp\/v2\/categories?post=4161"},{"taxonomy":"post_tag","embeddable":true,"href":"https:\/\/agora.xtec.cat\/escolaestevebarrachina\/wp-json\/wp\/v2\/tags?post=4161"}],"curies":[{"name":"wp","href":"https:\/\/api.w.org\/{rel}","templated":true}]}}