{"id":4151,"date":"2017-11-04T00:11:31","date_gmt":"2017-11-03T23:11:31","guid":{"rendered":"https:\/\/escolaestevebarrachina.cat\/?p=4151"},"modified":"2017-11-04T00:11:31","modified_gmt":"2017-11-03T23:11:31","slug":"castanyada-2017","status":"publish","type":"post","link":"https:\/\/agora.xtec.cat\/escolaestevebarrachina\/activitats-del-centre\/castanyada-2017\/","title":{"rendered":"Castanyada 2017"},"content":{"rendered":"<p>Un any m\u00e9s hem celebrat la nostra festa de la castanyada. No hi ha faltat la castanyera, que despr\u00e9s de 20 anys ha tornat ha representar el fam\u00f3s conte de la catanyera. Moltes gr\u00e0cies Roser i Josep!! Us estimem molt, ens feu gaudir amb l&#8217;entranyable soroll dels esclops quan arriba amb el cistell ple de castanyes.<\/p>\n<p>Per la tarda hem menjat castanyes, panellets i moniatos i dol\u00e7os de tardor.<\/p>\n<p>&nbsp;<\/p>\n<p><a href=\"https:\/\/www.flickr.com\/photos\/105651434@N04\/albums\/72157690171070166\/with\/37436497624\/\"><strong>SEGUIU MIRANT<\/strong><\/a><\/p>\n","protected":false},"excerpt":{"rendered":"<p>Un any m\u00e9s hem celebrat la nostra festa de la castanyada. No hi ha faltat la castanyera, que despr\u00e9s de 20 anys ha tornat ha representar el fam\u00f3s conte de la catanyera. Moltes gr\u00e0cies Roser i Josep!! Us estimem molt, ens feu gaudir amb l&#8217;entranyable&hellip;  <a href=\"https:\/\/agora.xtec.cat\/escolaestevebarrachina\/activitats-del-centre\/castanyada-2017\/\" title=\"Read Castanyada 2017\">Llegeix m\u00e9s\u00bb<\/a><\/p>\n","protected":false},"author":1,"featured_media":4149,"comment_status":"open","ping_status":"open","sticky":false,"template":"","format":"standard","meta":{"_bbp_topic_count":0,"_bbp_reply_count":0,"_bbp_total_topic_count":0,"_bbp_total_reply_count":0,"_bbp_voice_count":0,"_bbp_anonymous_reply_count":0,"_bbp_topic_count_hidden":0,"_bbp_reply_count_hidden":0,"_bbp_forum_subforum_count":0,"footnotes":""},"categories":[84,86],"tags":[123],"class_list":["post-4151","post","type-post","status-publish","format-standard","has-post-thumbnail","hentry","category-activitats-del-centre","category-blog","tag-castanyada"],"post_mailing_queue_ids":[],"_links":{"self":[{"href":"https:\/\/agora.xtec.cat\/escolaestevebarrachina\/wp-json\/wp\/v2\/posts\/4151","targetHints":{"allow":["GET"]}}],"collection":[{"href":"https:\/\/agora.xtec.cat\/escolaestevebarrachina\/wp-json\/wp\/v2\/posts"}],"about":[{"href":"https:\/\/agora.xtec.cat\/escolaestevebarrachina\/wp-json\/wp\/v2\/types\/post"}],"author":[{"embeddable":true,"href":"https:\/\/agora.xtec.cat\/escolaestevebarrachina\/wp-json\/wp\/v2\/users\/1"}],"replies":[{"embeddable":true,"href":"https:\/\/agora.xtec.cat\/escolaestevebarrachina\/wp-json\/wp\/v2\/comments?post=4151"}],"version-history":[{"count":0,"href":"https:\/\/agora.xtec.cat\/escolaestevebarrachina\/wp-json\/wp\/v2\/posts\/4151\/revisions"}],"wp:featuredmedia":[{"embeddable":true,"href":"https:\/\/agora.xtec.cat\/escolaestevebarrachina\/wp-json\/"}],"wp:attachment":[{"href":"https:\/\/agora.xtec.cat\/escolaestevebarrachina\/wp-json\/wp\/v2\/media?parent=4151"}],"wp:term":[{"taxonomy":"category","embeddable":true,"href":"https:\/\/agora.xtec.cat\/escolaestevebarrachina\/wp-json\/wp\/v2\/categories?post=4151"},{"taxonomy":"post_tag","embeddable":true,"href":"https:\/\/agora.xtec.cat\/escolaestevebarrachina\/wp-json\/wp\/v2\/tags?post=4151"}],"curies":[{"name":"wp","href":"https:\/\/api.w.org\/{rel}","templated":true}]}}