{"id":4067,"date":"2017-06-23T14:04:16","date_gmt":"2017-06-23T12:04:16","guid":{"rendered":"https:\/\/escolaestevebarrachina.cat\/?p=4067"},"modified":"2017-06-23T14:04:16","modified_gmt":"2017-06-23T12:04:16","slug":"concert-de-primavera-3","status":"publish","type":"post","link":"https:\/\/agora.xtec.cat\/escolaestevebarrachina\/blog\/concert-de-primavera-3\/","title":{"rendered":"Concert de Primavera"},"content":{"rendered":"<p><img loading=\"lazy\" decoding=\"async\" class=\"aligncenter size-medium wp-image-4068\" src=\"https:\/\/escolaestevebarrachina.cat\/wp-content\/uploads\/2017\/06\/IMG_5244-300x169.jpg\" alt=\"\" width=\"300\" height=\"169\" \/><\/p>\n<p>Des del Departament de M\u00fasica de l\u2019escola aquest\u00a0curs hem continuat amb la l\u00ednia del curs passat pel que fa al treball a l\u2019aula, les sessions de <a href=\"https:\/\/escolaestevebarrachina.cat\/musicoterapia-a-lescola\/\">musicoter\u00e0pia<\/a> i les <a href=\"https:\/\/escolaestevebarrachina.cat\/primavera-musical\/\">activitats complement\u00e0ries<\/a> com la festa de Santa Cec\u00edlia, entre d\u2019altres, per\u00f2 s&#8217;ha presentat una gran novetat: La celebraci\u00f3 del Concert de Primavera.<\/p>\n<p>El principal motiu per a canviar el tradicional concert de nadal pel de primavera va ser el poder disposar de m\u00e9s temps per a preparar-lo i que aquest fos un reflex real de la feina que es fa a la classe de m\u00fasica durant tot el curs.<\/p>\n<p><img loading=\"lazy\" decoding=\"async\" class=\"aligncenter size-medium wp-image-4069\" src=\"https:\/\/escolaestevebarrachina.cat\/wp-content\/uploads\/2017\/06\/IMG_5182-300x169.jpg\" alt=\"\" width=\"300\" height=\"169\" \/><\/p>\n<p>El resultat final d\u2019aquesta feina van ser dos concerts magn\u00edfics, el dels grans i els dels petits, on es va veure els alumnes gaudir m\u00e9s que mai dalt de l\u2019escenari. Des de la classe de m\u00fasica cada grup va poder preparar tres can\u00e7ons (enlloc de nom\u00e9s una, com passava per nadal) que van incloure can\u00e7ons tradicionals, can\u00e7ons d\u2019autor, can\u00e7ons de grups con Queen, els Beatles o Deep Purple, m\u00fasica instrumental amb flautes, xil.l\u00f2fons i d\u2019altres, percussi\u00f3 corporal, coreografies,\u2026 En resum, un espectacle de qualitat i molt variat que engalanat amb els colors primaverals que llu\u00efen els alumnes i els dels decorats elaborats per ells mateixos va fer gaudir d\u2019all\u00f2 m\u00e9s al p\u00fablic assistent.<\/p>\n<p><img loading=\"lazy\" decoding=\"async\" class=\"aligncenter size-medium wp-image-4070\" src=\"https:\/\/escolaestevebarrachina.cat\/wp-content\/uploads\/2017\/06\/IMG_5420-300x169.jpg\" alt=\"\" width=\"300\" height=\"169\" \/><\/p>\n<p>Val a dir, per\u00f2, que la part m\u00e9s important d\u2019aquest nou plantejament va ser, precisament, la que no es va poder veure de portes enfora i per aquest motiu val la pena que es faci observar des d\u2019aqu\u00ed. El m\u00e9s important no va ser el concert que va poder gaudir el p\u00fablic, sin\u00f3 tot el proc\u00e9s pedag\u00f2gic que es va seguir fins a arribar-hi. A difer\u00e8ncia del nadal en qu\u00e8 aquest proc\u00e9s pr\u00e0cticament no existia ja que en poques setmanes s\u2019havien de preparar a corre cuita les can\u00e7ons triades pel mestre, pel concert de primavera el repertori va sorgir dels interessos dels alumnes, \u00e9s a dir, que ells mateixos (sobretot els de prim\u00e0ria) van poder triar les can\u00e7ons que m\u00e9s els havien agradat d&#8217;entre les que havien apr\u00e9s al llarg del curs, van poder triar els instruments que tocarien, i van ajudar a fer els arranjaments i a dissenyar coreografies. A m\u00e9s a m\u00e9s, a trav\u00e9s de les can\u00e7ons es va poder aprofundir en un treball corporal, d\u2019emissi\u00f3 de la veu, d\u2019educaci\u00f3 de l\u2019o\u00efda, de llenguatge musical i de transmissi\u00f3 de valors que per nadal, per manca de temps, es feia de forma molt superficial. El proc\u00e9s va continuar despr\u00e9s del concert quan vam dedicar algunes classes a que els alumnes el comentessin, en veiessin els v\u00eddeos i aprenguessin de forma quasi espont\u00e0nia les can\u00e7ons que havien presentat les altres classes. Com a escola inclusiva tamb\u00e9 valorem molt positivament haver pogut donar temps als alumnes que m\u00e9s en necessiten i que tothom pogu\u00e9s explotar al m\u00e0xim les seves capacitats en el concert.<\/p>\n<p><img loading=\"lazy\" decoding=\"async\" class=\"aligncenter size-medium wp-image-4071\" src=\"https:\/\/escolaestevebarrachina.cat\/wp-content\/uploads\/2017\/06\/IMG_5510-300x169.jpg\" alt=\"\" width=\"300\" height=\"169\" \/><\/p>\n<p>En definitiva, el concert de primavera d&#8217;aquest any va tenir molt m\u00e9s inter\u00e8s art\u00edstic, molt m\u00e9s valor pedag\u00f2gic i i va ser molt m\u00e9s fidel a la filosofia de l\u2019escola inclusiva.<\/p>\n<p>Esperem poder celebrar-ne molts anys m\u00e9s! Bon estiu!<\/p>\n<p><img loading=\"lazy\" decoding=\"async\" class=\"aligncenter size-medium wp-image-4072\" src=\"https:\/\/escolaestevebarrachina.cat\/wp-content\/uploads\/2017\/06\/IMG_5227-300x169.jpg\" alt=\"\" width=\"300\" height=\"169\" \/><\/p>\n<p><img loading=\"lazy\" decoding=\"async\" class=\"aligncenter size-medium wp-image-4073\" src=\"https:\/\/escolaestevebarrachina.cat\/wp-content\/uploads\/2017\/06\/IMG_5401-300x169.jpg\" alt=\"\" width=\"300\" height=\"169\" \/><\/p>\n<p><img loading=\"lazy\" decoding=\"async\" class=\"aligncenter size-medium wp-image-4074\" src=\"https:\/\/escolaestevebarrachina.cat\/wp-content\/uploads\/2017\/06\/IMG_5373-300x169.jpg\" alt=\"\" width=\"300\" height=\"169\" \/><\/p>\n<p><img loading=\"lazy\" decoding=\"async\" class=\"aligncenter size-medium wp-image-4075\" src=\"https:\/\/escolaestevebarrachina.cat\/wp-content\/uploads\/2017\/06\/IMG_5287-300x169.jpg\" alt=\"\" width=\"300\" height=\"169\" \/><\/p>\n<p><img loading=\"lazy\" decoding=\"async\" class=\"aligncenter size-medium wp-image-4076\" src=\"https:\/\/escolaestevebarrachina.cat\/wp-content\/uploads\/2017\/06\/IMG_5508-300x169.jpg\" alt=\"\" width=\"300\" height=\"169\" \/><\/p>\n<p><img loading=\"lazy\" decoding=\"async\" class=\"aligncenter size-medium wp-image-4077\" src=\"https:\/\/escolaestevebarrachina.cat\/wp-content\/uploads\/2017\/06\/IMG_5167-300x169.jpg\" alt=\"\" width=\"300\" height=\"169\" \/><\/p>\n<p><img loading=\"lazy\" decoding=\"async\" class=\"aligncenter size-medium wp-image-4078\" src=\"https:\/\/escolaestevebarrachina.cat\/wp-content\/uploads\/2017\/06\/IMG_5445-300x169.jpg\" alt=\"\" width=\"300\" height=\"169\" \/><\/p>\n<p><img loading=\"lazy\" decoding=\"async\" class=\"aligncenter size-medium wp-image-4082\" src=\"https:\/\/escolaestevebarrachina.cat\/wp-content\/uploads\/2017\/06\/IMG_5346-1-300x169.jpg\" alt=\"\" width=\"300\" height=\"169\" \/><\/p>\n","protected":false},"excerpt":{"rendered":"<p>Des del Departament de M\u00fasica de l\u2019escola aquest\u00a0curs hem continuat amb la l\u00ednia del curs passat pel que fa al treball a l\u2019aula, les sessions de <a href=\"https:\/\/escolaestevebarrachina.cat\/musicoterapia-a-lescola\/\">musicoter\u00e0pia<\/a> i les <a href=\"https:\/\/escolaestevebarrachina.cat\/primavera-musical\/\">activitats complement\u00e0ries<\/a> com la festa de Santa Cec\u00edlia, entre d\u2019altres, per\u00f2 s&#8217;ha presentat una&hellip;  <a href=\"https:\/\/agora.xtec.cat\/escolaestevebarrachina\/blog\/concert-de-primavera-3\/\" title=\"Read Concert de Primavera\">Llegeix m\u00e9s\u00bb<\/a><\/p>\n","protected":false},"author":1,"featured_media":4083,"comment_status":"open","ping_status":"open","sticky":false,"template":"","format":"standard","meta":{"_bbp_topic_count":0,"_bbp_reply_count":0,"_bbp_total_topic_count":0,"_bbp_total_reply_count":0,"_bbp_voice_count":0,"_bbp_anonymous_reply_count":0,"_bbp_topic_count_hidden":0,"_bbp_reply_count_hidden":0,"_bbp_forum_subforum_count":0,"footnotes":""},"categories":[86],"tags":[],"class_list":["post-4067","post","type-post","status-publish","format-standard","has-post-thumbnail","hentry","category-blog"],"post_mailing_queue_ids":[],"_links":{"self":[{"href":"https:\/\/agora.xtec.cat\/escolaestevebarrachina\/wp-json\/wp\/v2\/posts\/4067","targetHints":{"allow":["GET"]}}],"collection":[{"href":"https:\/\/agora.xtec.cat\/escolaestevebarrachina\/wp-json\/wp\/v2\/posts"}],"about":[{"href":"https:\/\/agora.xtec.cat\/escolaestevebarrachina\/wp-json\/wp\/v2\/types\/post"}],"author":[{"embeddable":true,"href":"https:\/\/agora.xtec.cat\/escolaestevebarrachina\/wp-json\/wp\/v2\/users\/1"}],"replies":[{"embeddable":true,"href":"https:\/\/agora.xtec.cat\/escolaestevebarrachina\/wp-json\/wp\/v2\/comments?post=4067"}],"version-history":[{"count":0,"href":"https:\/\/agora.xtec.cat\/escolaestevebarrachina\/wp-json\/wp\/v2\/posts\/4067\/revisions"}],"wp:featuredmedia":[{"embeddable":true,"href":"https:\/\/agora.xtec.cat\/escolaestevebarrachina\/wp-json\/"}],"wp:attachment":[{"href":"https:\/\/agora.xtec.cat\/escolaestevebarrachina\/wp-json\/wp\/v2\/media?parent=4067"}],"wp:term":[{"taxonomy":"category","embeddable":true,"href":"https:\/\/agora.xtec.cat\/escolaestevebarrachina\/wp-json\/wp\/v2\/categories?post=4067"},{"taxonomy":"post_tag","embeddable":true,"href":"https:\/\/agora.xtec.cat\/escolaestevebarrachina\/wp-json\/wp\/v2\/tags?post=4067"}],"curies":[{"name":"wp","href":"https:\/\/api.w.org\/{rel}","templated":true}]}}