{"id":4062,"date":"2017-06-19T23:02:26","date_gmt":"2017-06-19T21:02:26","guid":{"rendered":"https:\/\/escolaestevebarrachina.cat\/?p=4062"},"modified":"2017-06-19T23:02:26","modified_gmt":"2017-06-19T21:02:26","slug":"cloenda-14e-consell-dinfants-sitges-2017","status":"publish","type":"post","link":"https:\/\/agora.xtec.cat\/escolaestevebarrachina\/blog\/cloenda-14e-consell-dinfants-sitges-2017\/","title":{"rendered":"Cloenda 14\u00e8 Consell d&#8217;Infants Sitges 2017"},"content":{"rendered":"<div id=\"m_1694107506762999631divtagdefaultwrapper\" dir=\"ltr\">\n<p>El 14\u00e8 Consell d\u2019Infants va fer entrega del seu projecte final\u00a0 al Sal\u00f3 de Plens de l&#8217;Ajuntament<\/p>\n<p>L\u2019alcalde de Sitges, Miquel Forns, i el regidor d\u2019Ensenyament i Joventut de l\u2019Ajuntament de Sitges, Eduard Terrado, van presidir\u00a0 l\u2019acte de cloenda del 14\u00e8 Consell d\u2019Infants que es va celebrar al Sal\u00f3 de Plens de la Casa de la Vila.<\/p>\n<p>L\u2019acte va comen\u00e7ar amb la darrera reuni\u00f3 del Consell d\u2019Infants i posteriorment, es va celebrar\u00a0 la seva cloenda oberta a familiars i amics. Aquest va ser el moment en el que els petits consellers i conselleres van lliurar a l\u2019alcalde de Sitges, Miquel Forns, el document i la mem\u00f2ria que aquest any ha girat entorn el buylling.<\/p>\n<\/div>\n<div id=\"m_1694107506762999631divtagdefaultwrapper\" dir=\"ltr\">\n<p><strong>L\u2019assetjament escolar\u00a0 ha centrat el treball del 14\u00e8 Consell d\u2019Infants\u00a0 <\/strong><\/p>\n<p>Amb aquest treball els representants dels alumnes s&#8217;nan marcat\u00a0 com a repte, treballar per eradicar l\u2019assetjament escolar. En molts casos els nens i nenes assetjats pateixen les agressions sense dir-ho a ning\u00fa durant molt de temps i \u00e9s aqu\u00ed la import\u00e0ncia del projecte: fer visible aquest problema i recordar que tothom pot ser part implicada en buscar una soluci\u00f3. En aquest sentit, els consellers han fet diferents accions i propostes entre les quals xerrades i un cartell informatiu on s\u2019il\u00b7lustra la import\u00e0ncia de treballar de forma conjunta i amb l\u2019objectiu de difondre\u2019l a totes les escoles de Sitges. Els conselleres proposen tamb\u00e9 altres q\u00fcestions que es plantegen desenvolupar-les conjuntament amb les escoles com \u00e9s la creaci\u00f3 de la figura d\u2019un observador que estaria a totes les classes per quan falta el professor o implantar un grup de mediaci\u00f3 format per alumnes, equip directiu, entre altres.<\/p>\n<p>L\u2019Alcalde va posar en valor el treball realitzat pel 14\u00e8 Consell i va recordat que \u201cparlar d\u2019assetjament \u00e9s parlar d\u2019una situaci\u00f3 amagada. Cal que es parli i no es miri cap a una altra banda\u201d. El regidor d\u2019Ensenyament Joventut i Esports, Eduard Terrado, va felicitar als membres del Consell per plantejar \u201cun treball pensat en la responsabilitat d\u2019evitar que puguin succeir situacions d\u2019assetjament. Tenim un dret essencial de ser feli\u00e7os i hem de fer tot el possible perqu\u00e8 aix\u00f2 sigui aix\u00ed\u201d<\/p>\n<p><a href=\"http:\/\/mariceltv.xiptv.cat\/noticies\/capitol\/el-consell-dinfants-de-sitges-presenta-un-projecte-antibullying#\">Video cloenda<\/a><\/p>\n<p><img loading=\"lazy\" decoding=\"async\" class=\"alignleft size-full wp-image-4063\" src=\"https:\/\/escolaestevebarrachina.cat\/wp-content\/uploads\/2017\/06\/Tots.jpg\" alt=\"\" width=\"640\" height=\"480\" \/><\/p>\n<\/div>\n","protected":false},"excerpt":{"rendered":"<p>El 14\u00e8 Consell d\u2019Infants va fer entrega del seu projecte final\u00a0 al Sal\u00f3 de Plens de l&#8217;Ajuntament<br \/>\nL\u2019alcalde de Sitges, Miquel Forns, i el regidor d\u2019Ensenyament i Joventut de l\u2019Ajuntament de Sitges, Eduard Terrado, van presidir\u00a0 l\u2019acte de cloenda del 14\u00e8 Consell d\u2019Infants que es va&hellip;  <a href=\"https:\/\/agora.xtec.cat\/escolaestevebarrachina\/blog\/cloenda-14e-consell-dinfants-sitges-2017\/\" title=\"Read Cloenda 14\u00e8 Consell d&#8217;Infants Sitges 2017\">Llegeix m\u00e9s\u00bb<\/a><\/p>\n","protected":false},"author":1,"featured_media":4065,"comment_status":"open","ping_status":"open","sticky":false,"template":"","format":"standard","meta":{"_bbp_topic_count":0,"_bbp_reply_count":0,"_bbp_total_topic_count":0,"_bbp_total_reply_count":0,"_bbp_voice_count":0,"_bbp_anonymous_reply_count":0,"_bbp_topic_count_hidden":0,"_bbp_reply_count_hidden":0,"_bbp_forum_subforum_count":0,"footnotes":""},"categories":[86],"tags":[],"class_list":["post-4062","post","type-post","status-publish","format-standard","has-post-thumbnail","hentry","category-blog"],"post_mailing_queue_ids":[],"_links":{"self":[{"href":"https:\/\/agora.xtec.cat\/escolaestevebarrachina\/wp-json\/wp\/v2\/posts\/4062","targetHints":{"allow":["GET"]}}],"collection":[{"href":"https:\/\/agora.xtec.cat\/escolaestevebarrachina\/wp-json\/wp\/v2\/posts"}],"about":[{"href":"https:\/\/agora.xtec.cat\/escolaestevebarrachina\/wp-json\/wp\/v2\/types\/post"}],"author":[{"embeddable":true,"href":"https:\/\/agora.xtec.cat\/escolaestevebarrachina\/wp-json\/wp\/v2\/users\/1"}],"replies":[{"embeddable":true,"href":"https:\/\/agora.xtec.cat\/escolaestevebarrachina\/wp-json\/wp\/v2\/comments?post=4062"}],"version-history":[{"count":0,"href":"https:\/\/agora.xtec.cat\/escolaestevebarrachina\/wp-json\/wp\/v2\/posts\/4062\/revisions"}],"wp:featuredmedia":[{"embeddable":true,"href":"https:\/\/agora.xtec.cat\/escolaestevebarrachina\/wp-json\/"}],"wp:attachment":[{"href":"https:\/\/agora.xtec.cat\/escolaestevebarrachina\/wp-json\/wp\/v2\/media?parent=4062"}],"wp:term":[{"taxonomy":"category","embeddable":true,"href":"https:\/\/agora.xtec.cat\/escolaestevebarrachina\/wp-json\/wp\/v2\/categories?post=4062"},{"taxonomy":"post_tag","embeddable":true,"href":"https:\/\/agora.xtec.cat\/escolaestevebarrachina\/wp-json\/wp\/v2\/tags?post=4062"}],"curies":[{"name":"wp","href":"https:\/\/api.w.org\/{rel}","templated":true}]}}