{"id":4007,"date":"2017-06-11T19:06:51","date_gmt":"2017-06-11T17:06:51","guid":{"rendered":"https:\/\/escolaestevebarrachina.cat\/?p=4007"},"modified":"2017-06-11T19:06:51","modified_gmt":"2017-06-11T17:06:51","slug":"despedida-lecxit-curs-16-17","status":"publish","type":"post","link":"https:\/\/agora.xtec.cat\/escolaestevebarrachina\/blog\/despedida-lecxit-curs-16-17\/","title":{"rendered":"Despedida Lecxit curs 16-17"},"content":{"rendered":"<p>El passat dijous va ser l&#8217;\u00faltim dia de Lecxit d&#8217;aquest curs. Els nens i nenes, que enguany han participat en aquest projecte de lectura, s&#8217;han sentit molt acompanyats pels seus mentors. Durant aquest periode de temps tots ells i elles\u00a0 han compartit i llegit moltes aventures, hist\u00f2ries que han anat\u00a0 descobrint\u00a0 dins dels seus inseparables amics: els llibres.<\/p>\n<p>Agra\u00efm la vostra col.laboraci\u00f3: Merche, Amparo, Gabriela, Edi, Eva, Pere, i Carme. Gr\u00e0cies per voler compartir la Lectura amb els nens i nenes!!<\/p>\n<p><img loading=\"lazy\" decoding=\"async\" class=\"alignleft size-large wp-image-4028\" src=\"https:\/\/escolaestevebarrachina.cat\/wp-content\/uploads\/2017\/06\/IMG_20170427_172156-1024x768.jpg\" alt=\"\" width=\"980\" height=\"735\" \/> <img loading=\"lazy\" decoding=\"async\" class=\"alignleft size-large wp-image-4030\" src=\"https:\/\/escolaestevebarrachina.cat\/wp-content\/uploads\/2017\/06\/IMG_20170427_172139-1024x768.jpg\" alt=\"\" width=\"980\" height=\"735\" \/><\/p>\n<p><a href=\"https:\/\/www.flickr.com\/photos\/105651434@N04\/albums\/72157684933788145\">Seguir mirant<\/a><\/p>\n","protected":false},"excerpt":{"rendered":"<p>El passat dijous va ser l&#8217;\u00faltim dia de Lecxit d&#8217;aquest curs. Els nens i nenes, que enguany han participat en aquest projecte de lectura, s&#8217;han sentit molt acompanyats pels seus mentors. Durant aquest periode de temps tots ells i elles\u00a0 han compartit i llegit moltes&hellip;  <a href=\"https:\/\/agora.xtec.cat\/escolaestevebarrachina\/blog\/despedida-lecxit-curs-16-17\/\" title=\"Read Despedida Lecxit curs 16-17\">Llegeix m\u00e9s\u00bb<\/a><\/p>\n","protected":false},"author":1,"featured_media":4008,"comment_status":"open","ping_status":"open","sticky":false,"template":"","format":"standard","meta":{"_bbp_topic_count":0,"_bbp_reply_count":0,"_bbp_total_topic_count":0,"_bbp_total_reply_count":0,"_bbp_voice_count":0,"_bbp_anonymous_reply_count":0,"_bbp_topic_count_hidden":0,"_bbp_reply_count_hidden":0,"_bbp_forum_subforum_count":0,"footnotes":""},"categories":[86],"tags":[],"class_list":["post-4007","post","type-post","status-publish","format-standard","has-post-thumbnail","hentry","category-blog"],"post_mailing_queue_ids":[],"_links":{"self":[{"href":"https:\/\/agora.xtec.cat\/escolaestevebarrachina\/wp-json\/wp\/v2\/posts\/4007","targetHints":{"allow":["GET"]}}],"collection":[{"href":"https:\/\/agora.xtec.cat\/escolaestevebarrachina\/wp-json\/wp\/v2\/posts"}],"about":[{"href":"https:\/\/agora.xtec.cat\/escolaestevebarrachina\/wp-json\/wp\/v2\/types\/post"}],"author":[{"embeddable":true,"href":"https:\/\/agora.xtec.cat\/escolaestevebarrachina\/wp-json\/wp\/v2\/users\/1"}],"replies":[{"embeddable":true,"href":"https:\/\/agora.xtec.cat\/escolaestevebarrachina\/wp-json\/wp\/v2\/comments?post=4007"}],"version-history":[{"count":0,"href":"https:\/\/agora.xtec.cat\/escolaestevebarrachina\/wp-json\/wp\/v2\/posts\/4007\/revisions"}],"wp:featuredmedia":[{"embeddable":true,"href":"https:\/\/agora.xtec.cat\/escolaestevebarrachina\/wp-json\/"}],"wp:attachment":[{"href":"https:\/\/agora.xtec.cat\/escolaestevebarrachina\/wp-json\/wp\/v2\/media?parent=4007"}],"wp:term":[{"taxonomy":"category","embeddable":true,"href":"https:\/\/agora.xtec.cat\/escolaestevebarrachina\/wp-json\/wp\/v2\/categories?post=4007"},{"taxonomy":"post_tag","embeddable":true,"href":"https:\/\/agora.xtec.cat\/escolaestevebarrachina\/wp-json\/wp\/v2\/tags?post=4007"}],"curies":[{"name":"wp","href":"https:\/\/api.w.org\/{rel}","templated":true}]}}