{"id":3974,"date":"2017-06-03T12:46:40","date_gmt":"2017-06-03T10:46:40","guid":{"rendered":"https:\/\/escolaestevebarrachina.cat\/?p=3974"},"modified":"2017-06-03T12:46:40","modified_gmt":"2017-06-03T10:46:40","slug":"12e-congres-de-ciencies","status":"publish","type":"post","link":"https:\/\/agora.xtec.cat\/escolaestevebarrachina\/blog\/12e-congres-de-ciencies\/","title":{"rendered":"12\u00e8 Congr\u00e8s de Ci\u00e8ncies"},"content":{"rendered":"<p>Els nens i nenes de 2n van presentar dues pon\u00e8ncies al congr\u00e8s\u00a0 de ci\u00e8ncies celebrat a la UPC de Vilanova i la Geltr\u00fa. En aquest congr\u00e8s els infants van ser els protagonistes. Cada grup classe va poder explicar davant un p\u00fablic molt amatent, el proc\u00e8s del seu projecte: Qu\u00e8 volien saber, com ho havien fet i finalment les conclusions a qu\u00e8 havien arribat.<\/p>\n<p>El t\u00edtol de la pon\u00e8ncia de 2nA\u00a0 era &#8220;MOMIFIQUEM UN POLLASTRE&#8221; C<a href=\"http:\/\/www.canalblau.cat\/congres-ciencia-2017-escola-esteve-barrachina-2n\/\"><img loading=\"lazy\" decoding=\"async\" class=\"alignleft wp-image-3979 size-large\" src=\"https:\/\/escolaestevebarrachina.cat\/wp-content\/uploads\/2017\/06\/IMG-20170522-WA0003-1024x768.jpg\" alt=\"\" width=\"980\" height=\"735\" \/><\/a>liqueu la imatge i veureu el video.<\/p>\n<p>La pon\u00e8ncia de 2nB es titulava &#8221; &#8230;I LA LLUNA PER QU\u00c8 NO CAU?.Podeu clicar la imatge per veure el video.<a href=\"http:\/\/www.canalblau.cat\/congres-ciencia-2017-escola-esteve-barrachina-2n-b\/\"><img loading=\"lazy\" decoding=\"async\" class=\"alignleft wp-image-3981 size-large\" src=\"https:\/\/escolaestevebarrachina.cat\/wp-content\/uploads\/2017\/06\/IMG-20170522-WA0011-1024x768.jpg\" alt=\"\" width=\"980\" height=\"735\" \/><\/a><\/p>\n<p><img loading=\"lazy\" decoding=\"async\" class=\"alignleft size-large wp-image-3982\" src=\"https:\/\/escolaestevebarrachina.cat\/wp-content\/uploads\/2017\/06\/cartell-1024x590.jpg\" alt=\"\" width=\"980\" height=\"565\" \/><\/p>\n<p><img loading=\"lazy\" decoding=\"async\" class=\"alignleft size-large wp-image-3984\" src=\"https:\/\/escolaestevebarrachina.cat\/wp-content\/uploads\/2017\/06\/Diplomes-1024x512.jpg\" alt=\"\" width=\"980\" height=\"490\" \/><\/p>\n<p>&nbsp;<\/p>\n<p>&nbsp;<\/p>\n<p>&nbsp;<\/p>\n<p>&nbsp;<\/p>\n<p>&nbsp;<\/p>\n<p>&nbsp;<\/p>\n<p>&nbsp;<\/p>\n<p>&nbsp;<\/p>\n<p>&nbsp;<\/p>\n<p>&nbsp;<\/p>\n<p>&nbsp;<\/p>\n<p>&nbsp;<\/p>\n<p>&nbsp;<\/p>\n<p>&nbsp;<\/p>\n<p>&nbsp;<\/p>\n<p>&nbsp;<\/p>\n<p>&nbsp;<\/p>\n<p>&nbsp;<\/p>\n<p>&nbsp;<\/p>\n<p>&nbsp;<\/p>\n<p>&nbsp;<\/p>\n<p>&nbsp;<\/p>\n<p>&nbsp;<\/p>\n<p><a href=\"https:\/\/www.flickr.com\/photos\/105651434@N04\/albums\/72157680736157813\/with\/34680684250\/\">Seguir mirant&#8230;<\/a><\/p>\n<p><span style=\"border-radius: 2px; text-indent: 20px; width: auto; padding: 0px 4px 0px 0px; text-align: center; font: bold 11px\/20px 'Helvetica Neue',Helvetica,sans-serif; color: #ffffff; background: #bd081c no-repeat scroll 3px 50% \/ 14px 14px; position: absolute; opacity: 1; z-index: 8675309; display: none; cursor: pointer; top: 268px; left: 20px;\">Guardar<\/span><\/p>\n<p><span style=\"border-radius: 2px; text-indent: 20px; width: auto; padding: 0px 4px 0px 0px; text-align: center; font: bold 11px\/20px 'Helvetica Neue',Helvetica,sans-serif; color: #ffffff; background: #bd081c no-repeat scroll 3px 50% \/ 14px 14px; position: absolute; opacity: 1; z-index: 8675309; display: none; cursor: pointer; top: 678px; left: 20px;\">Guardar<\/span><\/p>\n<p><span style=\"border-radius: 2px; text-indent: 20px; width: auto; padding: 0px 4px 0px 0px; text-align: center; font: bold 11px\/20px 'Helvetica Neue',Helvetica,sans-serif; color: #ffffff; background: #bd081c no-repeat scroll 3px 50% \/ 14px 14px; position: absolute; opacity: 1; z-index: 8675309; display: none; cursor: pointer; top: 678px; left: 20px;\">Guardar<\/span><\/p>\n<p><span style=\"border-radius: 2px; text-indent: 20px; width: auto; padding: 0px 4px 0px 0px; text-align: center; font: bold 11px\/20px 'Helvetica Neue',Helvetica,sans-serif; color: #ffffff; background: #bd081c  no-repeat scroll 3px 50% \/ 14px 14px; position: absolute; opacity: 1; z-index: 8675309; display: none; cursor: pointer; top: 1351px; left: 20px;\">Guardar<\/span><\/p>\n","protected":false},"excerpt":{"rendered":"<p>Els nens i nenes de 2n van presentar dues pon\u00e8ncies al congr\u00e8s\u00a0 de ci\u00e8ncies celebrat a la UPC de Vilanova i la Geltr\u00fa. En aquest congr\u00e8s els infants van ser els protagonistes. Cada grup classe va poder explicar davant un p\u00fablic molt amatent, el proc\u00e8s&hellip;  <a href=\"https:\/\/agora.xtec.cat\/escolaestevebarrachina\/blog\/12e-congres-de-ciencies\/\" title=\"Read 12\u00e8 Congr\u00e8s de Ci\u00e8ncies\">Llegeix m\u00e9s\u00bb<\/a><\/p>\n","protected":false},"author":1,"featured_media":3983,"comment_status":"open","ping_status":"open","sticky":false,"template":"","format":"standard","meta":{"_bbp_topic_count":0,"_bbp_reply_count":0,"_bbp_total_topic_count":0,"_bbp_total_reply_count":0,"_bbp_voice_count":0,"_bbp_anonymous_reply_count":0,"_bbp_topic_count_hidden":0,"_bbp_reply_count_hidden":0,"_bbp_forum_subforum_count":0,"footnotes":""},"categories":[86],"tags":[],"class_list":["post-3974","post","type-post","status-publish","format-standard","has-post-thumbnail","hentry","category-blog"],"post_mailing_queue_ids":[],"_links":{"self":[{"href":"https:\/\/agora.xtec.cat\/escolaestevebarrachina\/wp-json\/wp\/v2\/posts\/3974","targetHints":{"allow":["GET"]}}],"collection":[{"href":"https:\/\/agora.xtec.cat\/escolaestevebarrachina\/wp-json\/wp\/v2\/posts"}],"about":[{"href":"https:\/\/agora.xtec.cat\/escolaestevebarrachina\/wp-json\/wp\/v2\/types\/post"}],"author":[{"embeddable":true,"href":"https:\/\/agora.xtec.cat\/escolaestevebarrachina\/wp-json\/wp\/v2\/users\/1"}],"replies":[{"embeddable":true,"href":"https:\/\/agora.xtec.cat\/escolaestevebarrachina\/wp-json\/wp\/v2\/comments?post=3974"}],"version-history":[{"count":0,"href":"https:\/\/agora.xtec.cat\/escolaestevebarrachina\/wp-json\/wp\/v2\/posts\/3974\/revisions"}],"wp:featuredmedia":[{"embeddable":true,"href":"https:\/\/agora.xtec.cat\/escolaestevebarrachina\/wp-json\/"}],"wp:attachment":[{"href":"https:\/\/agora.xtec.cat\/escolaestevebarrachina\/wp-json\/wp\/v2\/media?parent=3974"}],"wp:term":[{"taxonomy":"category","embeddable":true,"href":"https:\/\/agora.xtec.cat\/escolaestevebarrachina\/wp-json\/wp\/v2\/categories?post=3974"},{"taxonomy":"post_tag","embeddable":true,"href":"https:\/\/agora.xtec.cat\/escolaestevebarrachina\/wp-json\/wp\/v2\/tags?post=3974"}],"curies":[{"name":"wp","href":"https:\/\/api.w.org\/{rel}","templated":true}]}}