{"id":3910,"date":"2017-05-04T23:56:49","date_gmt":"2017-05-04T21:56:49","guid":{"rendered":"https:\/\/escolaestevebarrachina.cat\/?p=3910"},"modified":"2017-05-04T23:56:49","modified_gmt":"2017-05-04T21:56:49","slug":"primavera-musical","status":"publish","type":"post","link":"https:\/\/agora.xtec.cat\/escolaestevebarrachina\/escola-estebe-barrachina\/primavera-musical\/","title":{"rendered":"Primavera musical"},"content":{"rendered":"<p>Com de ben segur ja sabeu, estem gaudint d\u2019una primavera molt musical a l\u2019escola:<\/p>\n<p>Vam iniciar una s\u00e8rie d&#8217;activitats especials\u00a0els passats dies 30 i 31 de mar\u00e7, quan tots els alumnes de l\u2019escola van assistir a unes audicions musicals \u00a0que van servir per a complementar el treball que fem a l\u2019aula.<\/p>\n<p><img loading=\"lazy\" decoding=\"async\" class=\"aligncenter size-medium wp-image-3918\" src=\"https:\/\/escolaestevebarrachina.cat\/wp-content\/uploads\/2017\/05\/IMG_6506-1-225x300.jpg\" alt=\"\" width=\"225\" height=\"300\" \/><\/p>\n<p>Concretament les audicions van ser \u201cLes perip\u00e8cies d\u2019en Jan petit\u201d que va aportar un recull de can\u00e7ons i danses als alumnes d\u2019Infantil; \u201cPercuqu\u00e8?\u201d en qu\u00e8 els alumnes de Cicle Inicial van acompanyar diverses obres cl\u00e0ssiques amb instruments de percussi\u00f3; \u201cM\u00fasiques de Sitges\u201d que va donar a con\u00e8ixer\u00a0als alumnes de Cicle Mitj\u00e0 diferents obres sitgetanes i les seves hist\u00f2ries;\u00a0i \u201cLa bossa de brossa\u201d on els alumnes de Cicle Superior van aprendre a fer m\u00fasica amb el propi cos i amb un objecte quotidi\u00e0 tan simple com pot ser una bossa de brossa.<\/p>\n<p><img loading=\"lazy\" decoding=\"async\" class=\"aligncenter size-medium wp-image-3919\" src=\"https:\/\/escolaestevebarrachina.cat\/wp-content\/uploads\/2017\/05\/IMG_6496-3-225x300.jpg\" alt=\"\" width=\"225\" height=\"300\" \/><\/p>\n<p>Posteriorment, el 20 d\u2019abril, dins els actes del Festival de Jazz Antic de Sitges, els alumnes de 1r i 6\u00e8 van anar a una audici\u00f3 al Retiro per a con\u00e8ixer els or\u00edgens d\u2019aquest g\u00e8nere musical.<\/p>\n<p><img loading=\"lazy\" decoding=\"async\" class=\"aligncenter size-medium wp-image-3920\" src=\"https:\/\/escolaestevebarrachina.cat\/wp-content\/uploads\/2017\/05\/IMG_6759-1-225x300.jpg\" alt=\"\" width=\"225\" height=\"300\" \/><\/p>\n<p>Al cap d&#8217;uns dies, en la celebraci\u00f3 de Sant Jordi, els alumnes que estudien m\u00fasica fora de l\u2019escola, van amenitzar l\u2019entrega dels premis dels Jocs Florals interpretant v\u00e0ries can\u00e7ons amb els seus instruments. Gr\u00e0cies Albert, Diego, Judith, Sophie, Pau, Miguel, Pol, Clara, Lluna, Josep i J\u00falia!!<\/p>\n<p><img loading=\"lazy\" decoding=\"async\" class=\"aligncenter size-medium wp-image-3921\" src=\"https:\/\/escolaestevebarrachina.cat\/wp-content\/uploads\/2017\/05\/34226118542_b5c0fb7544_o-300x225.jpg\" alt=\"\" width=\"300\" height=\"225\" \/><\/p>\n<p>A m\u00e9s a m\u00e9s, des de que hem iniciat aquest tercer trimestre, els alumnes de 5\u00e8 estan participant en un taller setmanal de sardanes a c\u00e0rrec de l\u2019Associaci\u00f3 Amics de la Sardana. El proper 19 de maig a les 10:30 a l\u2019Hort de Can Fal\u00e7 es far\u00e0 una trobada amb altres escoles de Sitges per a fer una mostra del treball realitzat en aquest taller. Totes les fam\u00edlies hi sou convidades.<\/p>\n<p>&nbsp;<\/p>\n<p>Us recordem, finalment, que un\u00a0dels plats forts que tenim programats \u00e9s el Concert de Primavera que\u00a0farem al Retiro, el proper 26 de maig, a les 9:30 els alumnes de Cicle Mitj\u00e0 i Superior i a les 11, els d&#8217;Infantil i Cicle Inicial. Us hi esperem!<\/p>\n","protected":false},"excerpt":{"rendered":"<p>Com de ben segur ja sabeu, estem gaudint d\u2019una primavera molt musical a l\u2019escola:<br \/>\nVam iniciar una s\u00e8rie d&#8217;activitats especials\u00a0els passats dies 30 i 31 de mar\u00e7, quan tots els alumnes de l\u2019escola van assistir a unes audicions musicals \u00a0que van servir per a complementar el&hellip;  <a href=\"https:\/\/agora.xtec.cat\/escolaestevebarrachina\/escola-estebe-barrachina\/primavera-musical\/\" title=\"Read Primavera musical\">Llegeix m\u00e9s\u00bb<\/a><\/p>\n","protected":false},"author":1,"featured_media":3923,"comment_status":"open","ping_status":"open","sticky":false,"template":"","format":"standard","meta":{"_bbp_topic_count":0,"_bbp_reply_count":0,"_bbp_total_topic_count":0,"_bbp_total_reply_count":0,"_bbp_voice_count":0,"_bbp_anonymous_reply_count":0,"_bbp_topic_count_hidden":0,"_bbp_reply_count_hidden":0,"_bbp_forum_subforum_count":0,"footnotes":""},"categories":[86,85],"tags":[],"class_list":["post-3910","post","type-post","status-publish","format-standard","has-post-thumbnail","hentry","category-blog","category-escola-estebe-barrachina"],"post_mailing_queue_ids":[],"_links":{"self":[{"href":"https:\/\/agora.xtec.cat\/escolaestevebarrachina\/wp-json\/wp\/v2\/posts\/3910","targetHints":{"allow":["GET"]}}],"collection":[{"href":"https:\/\/agora.xtec.cat\/escolaestevebarrachina\/wp-json\/wp\/v2\/posts"}],"about":[{"href":"https:\/\/agora.xtec.cat\/escolaestevebarrachina\/wp-json\/wp\/v2\/types\/post"}],"author":[{"embeddable":true,"href":"https:\/\/agora.xtec.cat\/escolaestevebarrachina\/wp-json\/wp\/v2\/users\/1"}],"replies":[{"embeddable":true,"href":"https:\/\/agora.xtec.cat\/escolaestevebarrachina\/wp-json\/wp\/v2\/comments?post=3910"}],"version-history":[{"count":0,"href":"https:\/\/agora.xtec.cat\/escolaestevebarrachina\/wp-json\/wp\/v2\/posts\/3910\/revisions"}],"wp:featuredmedia":[{"embeddable":true,"href":"https:\/\/agora.xtec.cat\/escolaestevebarrachina\/wp-json\/"}],"wp:attachment":[{"href":"https:\/\/agora.xtec.cat\/escolaestevebarrachina\/wp-json\/wp\/v2\/media?parent=3910"}],"wp:term":[{"taxonomy":"category","embeddable":true,"href":"https:\/\/agora.xtec.cat\/escolaestevebarrachina\/wp-json\/wp\/v2\/categories?post=3910"},{"taxonomy":"post_tag","embeddable":true,"href":"https:\/\/agora.xtec.cat\/escolaestevebarrachina\/wp-json\/wp\/v2\/tags?post=3910"}],"curies":[{"name":"wp","href":"https:\/\/api.w.org\/{rel}","templated":true}]}}