{"id":3873,"date":"2017-05-01T20:18:31","date_gmt":"2017-05-01T18:18:31","guid":{"rendered":"https:\/\/escolaestevebarrachina.cat\/?p=3873"},"modified":"2017-05-01T20:18:31","modified_gmt":"2017-05-01T18:18:31","slug":"jornada-patis","status":"publish","type":"post","link":"https:\/\/agora.xtec.cat\/escolaestevebarrachina\/blog\/jornada-patis\/","title":{"rendered":"Jornada Patis"},"content":{"rendered":"<p>El passat dissabte 22 d&#8217;abril, pares, mares, avis, \u00e0vies, nens, nenes i mestres v\u00e0rem contribuir tots junts a millorar el nostre pati. Va ser una excel\u00b7lent jornada. No s\u00e9 com, per\u00f2 tothom estava implicat en alguna tasca: els uns pintaven el mural, d&#8217;altres estaven enfeinats en tallar fustes per fabricar una cuineta o per fer el rac\u00f3 de lectura, n&#8217;hi havia que jugaven amb la m\u00fasica tot construint un plaf\u00f3 musical, &#8230; no oblidem els qui pintaven un Twister, la xarranca, els jocs de taula a les grades, el circuit de cotxes&#8230;<\/p>\n<p>Valoreu vosaltres mateixos el resultat!! <a href=\"https:\/\/www.flickr.com\/photos\/105651434@N04\/albums\/72157683191978266\">Mireu la galeria<\/a><\/p>\n<p>Moltes gr\u00e0cies a tots i totes per la vostra tasca i sobretot per la vostra il.lusi\u00f3 manifesta. Per cert ens trobem novament el 13 de maig per continuar<\/p>\n<p><img loading=\"lazy\" decoding=\"async\" class=\"alignleft size-large wp-image-3876\" src=\"https:\/\/escolaestevebarrachina.cat\/wp-content\/uploads\/2017\/05\/Collage-PicMonkey-1024x1024.jpg\" alt=\"\" width=\"980\" height=\"980\" \/><\/p>\n<p>&nbsp;<\/p>\n","protected":false},"excerpt":{"rendered":"<p>El passat dissabte 22 d&#8217;abril, pares, mares, avis, \u00e0vies, nens, nenes i mestres v\u00e0rem contribuir tots junts a millorar el nostre pati. Va ser una excel\u00b7lent jornada. No s\u00e9 com, per\u00f2 tothom estava implicat en alguna tasca: els uns pintaven el mural, d&#8217;altres estaven enfeinats&hellip;  <a href=\"https:\/\/agora.xtec.cat\/escolaestevebarrachina\/blog\/jornada-patis\/\" title=\"Read Jornada Patis\">Llegeix m\u00e9s\u00bb<\/a><\/p>\n","protected":false},"author":1,"featured_media":3877,"comment_status":"open","ping_status":"open","sticky":false,"template":"","format":"standard","meta":{"_bbp_topic_count":0,"_bbp_reply_count":0,"_bbp_total_topic_count":0,"_bbp_total_reply_count":0,"_bbp_voice_count":0,"_bbp_anonymous_reply_count":0,"_bbp_topic_count_hidden":0,"_bbp_reply_count_hidden":0,"_bbp_forum_subforum_count":0,"footnotes":""},"categories":[86],"tags":[],"class_list":["post-3873","post","type-post","status-publish","format-standard","has-post-thumbnail","hentry","category-blog"],"post_mailing_queue_ids":[],"_links":{"self":[{"href":"https:\/\/agora.xtec.cat\/escolaestevebarrachina\/wp-json\/wp\/v2\/posts\/3873","targetHints":{"allow":["GET"]}}],"collection":[{"href":"https:\/\/agora.xtec.cat\/escolaestevebarrachina\/wp-json\/wp\/v2\/posts"}],"about":[{"href":"https:\/\/agora.xtec.cat\/escolaestevebarrachina\/wp-json\/wp\/v2\/types\/post"}],"author":[{"embeddable":true,"href":"https:\/\/agora.xtec.cat\/escolaestevebarrachina\/wp-json\/wp\/v2\/users\/1"}],"replies":[{"embeddable":true,"href":"https:\/\/agora.xtec.cat\/escolaestevebarrachina\/wp-json\/wp\/v2\/comments?post=3873"}],"version-history":[{"count":0,"href":"https:\/\/agora.xtec.cat\/escolaestevebarrachina\/wp-json\/wp\/v2\/posts\/3873\/revisions"}],"wp:featuredmedia":[{"embeddable":true,"href":"https:\/\/agora.xtec.cat\/escolaestevebarrachina\/wp-json\/"}],"wp:attachment":[{"href":"https:\/\/agora.xtec.cat\/escolaestevebarrachina\/wp-json\/wp\/v2\/media?parent=3873"}],"wp:term":[{"taxonomy":"category","embeddable":true,"href":"https:\/\/agora.xtec.cat\/escolaestevebarrachina\/wp-json\/wp\/v2\/categories?post=3873"},{"taxonomy":"post_tag","embeddable":true,"href":"https:\/\/agora.xtec.cat\/escolaestevebarrachina\/wp-json\/wp\/v2\/tags?post=3873"}],"curies":[{"name":"wp","href":"https:\/\/api.w.org\/{rel}","templated":true}]}}