{"id":381,"date":"2010-06-11T22:29:06","date_gmt":"2010-06-11T21:29:06","guid":{"rendered":"http:\/\/blocs.xtec.cat\/ceipbarrachina\/?p=381"},"modified":"2010-06-11T22:29:06","modified_gmt":"2010-06-11T21:29:06","slug":"gaudis-art-project","status":"publish","type":"post","link":"https:\/\/agora.xtec.cat\/escolaestevebarrachina\/cicle-superior\/gaudis-art-project\/","title":{"rendered":"GAUDI&#8217;S ART PROJECT"},"content":{"rendered":"<p>\u00a0<\/p>\n<p><a href=\"http:\/\/animoto.com\/play\/ADlY3hbyJQ1kYOYx5m4JmA\"><img loading=\"lazy\" decoding=\"async\" class=\"alignnone size-medium wp-image-386\" src=\"http:\/\/blocs.xtec.cat\/ceipbarrachina\/files\/2010\/06\/imgp00331-200x300.jpg\" alt=\"imgp00331\" width=\"200\" height=\"300\" \/><\/a><\/p>\n<p>Els nois i noies de 6\u00e8 han realizat un taller de trencad\u00eds treballant al voltant del famos arquitecte moderniste catal\u00e0 Antoni Gaud\u00ed. Amb l&#8217;ajuda de la Sylvia Tua, experta artista que treballa aquesta t\u00e8cnica hem pogut realitzar aquests magn\u00edfics treballs. Clicant a l&#8217; imatge veureu el v\u00eddeo dels treballs.<\/p>\n","protected":false},"excerpt":{"rendered":"<p>\u00a0<br \/>\n<a href=\"http:\/\/animoto.com\/play\/ADlY3hbyJQ1kYOYx5m4JmA\"><\/a><br \/>\nEls nois i noies de 6\u00e8 han realizat un taller de trencad\u00eds treballant al voltant del famos arquitecte moderniste catal\u00e0 Antoni Gaud\u00ed. Amb l&#8217;ajuda de la Sylvia Tua, experta artista que treballa aquesta t\u00e8cnica hem pogut realitzar aquests magn\u00edfics treballs. Clicant a l&#8217; imatge&hellip;  <a href=\"https:\/\/agora.xtec.cat\/escolaestevebarrachina\/cicle-superior\/gaudis-art-project\/\" title=\"Read GAUDI&#8217;S ART PROJECT\">Llegeix m\u00e9s\u00bb<\/a><\/p>\n","protected":false},"author":1,"featured_media":0,"comment_status":"open","ping_status":"closed","sticky":false,"template":"","format":"standard","meta":{"_bbp_topic_count":0,"_bbp_reply_count":0,"_bbp_total_topic_count":0,"_bbp_total_reply_count":0,"_bbp_voice_count":0,"_bbp_anonymous_reply_count":0,"_bbp_topic_count_hidden":0,"_bbp_reply_count_hidden":0,"_bbp_forum_subforum_count":0,"footnotes":""},"categories":[92],"tags":[96],"class_list":["post-381","post","type-post","status-publish","format-standard","hentry","category-cicle-superior","tag-art-cicle-superior"],"post_mailing_queue_ids":[],"_links":{"self":[{"href":"https:\/\/agora.xtec.cat\/escolaestevebarrachina\/wp-json\/wp\/v2\/posts\/381","targetHints":{"allow":["GET"]}}],"collection":[{"href":"https:\/\/agora.xtec.cat\/escolaestevebarrachina\/wp-json\/wp\/v2\/posts"}],"about":[{"href":"https:\/\/agora.xtec.cat\/escolaestevebarrachina\/wp-json\/wp\/v2\/types\/post"}],"author":[{"embeddable":true,"href":"https:\/\/agora.xtec.cat\/escolaestevebarrachina\/wp-json\/wp\/v2\/users\/1"}],"replies":[{"embeddable":true,"href":"https:\/\/agora.xtec.cat\/escolaestevebarrachina\/wp-json\/wp\/v2\/comments?post=381"}],"version-history":[{"count":0,"href":"https:\/\/agora.xtec.cat\/escolaestevebarrachina\/wp-json\/wp\/v2\/posts\/381\/revisions"}],"wp:attachment":[{"href":"https:\/\/agora.xtec.cat\/escolaestevebarrachina\/wp-json\/wp\/v2\/media?parent=381"}],"wp:term":[{"taxonomy":"category","embeddable":true,"href":"https:\/\/agora.xtec.cat\/escolaestevebarrachina\/wp-json\/wp\/v2\/categories?post=381"},{"taxonomy":"post_tag","embeddable":true,"href":"https:\/\/agora.xtec.cat\/escolaestevebarrachina\/wp-json\/wp\/v2\/tags?post=381"}],"curies":[{"name":"wp","href":"https:\/\/api.w.org\/{rel}","templated":true}]}}