{"id":3785,"date":"2017-02-04T18:36:46","date_gmt":"2017-02-04T17:36:46","guid":{"rendered":"https:\/\/escolaestevebarrachina.cat\/?p=3785"},"modified":"2017-02-04T18:36:46","modified_gmt":"2017-02-04T17:36:46","slug":"celebrem-el-dia-de-la-pau","status":"publish","type":"post","link":"https:\/\/agora.xtec.cat\/escolaestevebarrachina\/escola-estebe-barrachina\/celebrem-el-dia-de-la-pau\/","title":{"rendered":"Celebrem el dia de la Pau"},"content":{"rendered":"<p>Aquest dilluns vam celebrar el Dia de la Pau. Enguany sota el lema: <strong>Volem Acollir<\/strong><br \/>\nFru\u00eft del treball fet a les classes hem llegit les reflexions o conclusions a les qu\u00e8 hem arribat.<br \/>\nDespr\u00e9s hem cantat la can\u00e7\u00f3: \u201cAl Pa\u00eds blanc\u201d.<\/p>\n<p>&nbsp;<\/p>\n<p><img loading=\"lazy\" decoding=\"async\" class=\"alignleft size-large wp-image-3790\" src=\"https:\/\/escolaestevebarrachina.cat\/wp-content\/uploads\/2017\/02\/Superior-1024x1024.jpg\" alt=\"\" width=\"980\" height=\"980\" \/><\/p>\n<p>&nbsp;<\/p>\n<p>&nbsp;<\/p>\n<p>&nbsp;<\/p>\n<p>&nbsp;<\/p>\n<p>&nbsp;<\/p>\n<p>&nbsp;<\/p>\n<p>&nbsp;<\/p>\n<p>&nbsp;<\/p>\n<p>&nbsp;<\/p>\n<p>&nbsp;<\/p>\n<p>&nbsp;<\/p>\n<p>&nbsp;<\/p>\n<p><img loading=\"lazy\" decoding=\"async\" class=\"alignleft size-large wp-image-3788\" src=\"https:\/\/escolaestevebarrachina.cat\/wp-content\/uploads\/2017\/02\/Inicial-1024x1024.jpg\" alt=\"\" width=\"980\" height=\"980\" \/><img loading=\"lazy\" decoding=\"async\" class=\"alignleft  wp-image-3789\" src=\"https:\/\/escolaestevebarrachina.cat\/wp-content\/uploads\/2017\/02\/Mitj\u00e0-1024x512.jpg\" alt=\"\" width=\"479\" height=\"240\" \/><\/p>\n<p>&nbsp;<\/p>\n<p>&nbsp;<\/p>\n<p>&nbsp;<\/p>\n<p>&nbsp;<\/p>\n<p>&nbsp;<\/p>\n<p><span style=\"border-radius: 2px; text-indent: 20px; width: auto; padding: 0px 4px 0px 0px; text-align: center; font: bold 11px\/20px 'Helvetica Neue',Helvetica,sans-serif; color: #ffffff; background: #bd081c no-repeat scroll 3px 50% \/ 14px 14px; position: absolute; opacity: 1; z-index: 8675309; display: none; cursor: pointer; top: 180px; left: 20px;\">Guardar<\/span><\/p>\n<p><span style=\"border-radius: 2px; text-indent: 20px; width: auto; padding: 0px 4px 0px 0px; text-align: center; font: bold 11px\/20px 'Helvetica Neue',Helvetica,sans-serif; color: #ffffff; background: #bd081c  no-repeat scroll 3px 50% \/ 14px 14px; position: absolute; opacity: 1; z-index: 8675309; display: none; cursor: pointer; top: 1242px; left: 20px;\">Guardar<\/span><\/p>\n","protected":false},"excerpt":{"rendered":"<p>Aquest dilluns vam celebrar el Dia de la Pau. Enguany sota el lema: Volem Acollir<br \/>\nFru\u00eft del treball fet a les classes hem llegit les reflexions o conclusions a les qu\u00e8 hem arribat.<br \/>\nDespr\u00e9s hem cantat la can\u00e7\u00f3: \u201cAl Pa\u00eds blanc\u201d.<br \/>\n&nbsp;<\/p>\n<p>&nbsp;<br \/>\n&nbsp;<br \/>\n&nbsp;<br \/>\n&nbsp;<br \/>\n&nbsp;<br \/>\n&nbsp;<br \/>\n&nbsp;<br \/>\n&nbsp;<br \/>\n&nbsp;<br \/>\n&nbsp;<br \/>\n&nbsp;<br \/>\n&nbsp;<\/p>\n<p>&nbsp;<br \/>\n&nbsp;<br \/>\n&nbsp;<br \/>\n&nbsp;<br \/>\n&nbsp;<br \/>\nGuardar<br \/>\nGuardar<\/p>\n","protected":false},"author":1,"featured_media":3786,"comment_status":"open","ping_status":"open","sticky":false,"template":"","format":"standard","meta":{"_bbp_topic_count":0,"_bbp_reply_count":0,"_bbp_total_topic_count":0,"_bbp_total_reply_count":0,"_bbp_voice_count":0,"_bbp_anonymous_reply_count":0,"_bbp_topic_count_hidden":0,"_bbp_reply_count_hidden":0,"_bbp_forum_subforum_count":0,"footnotes":""},"categories":[86,85],"tags":[],"class_list":["post-3785","post","type-post","status-publish","format-standard","has-post-thumbnail","hentry","category-blog","category-escola-estebe-barrachina"],"post_mailing_queue_ids":[],"_links":{"self":[{"href":"https:\/\/agora.xtec.cat\/escolaestevebarrachina\/wp-json\/wp\/v2\/posts\/3785","targetHints":{"allow":["GET"]}}],"collection":[{"href":"https:\/\/agora.xtec.cat\/escolaestevebarrachina\/wp-json\/wp\/v2\/posts"}],"about":[{"href":"https:\/\/agora.xtec.cat\/escolaestevebarrachina\/wp-json\/wp\/v2\/types\/post"}],"author":[{"embeddable":true,"href":"https:\/\/agora.xtec.cat\/escolaestevebarrachina\/wp-json\/wp\/v2\/users\/1"}],"replies":[{"embeddable":true,"href":"https:\/\/agora.xtec.cat\/escolaestevebarrachina\/wp-json\/wp\/v2\/comments?post=3785"}],"version-history":[{"count":0,"href":"https:\/\/agora.xtec.cat\/escolaestevebarrachina\/wp-json\/wp\/v2\/posts\/3785\/revisions"}],"wp:featuredmedia":[{"embeddable":true,"href":"https:\/\/agora.xtec.cat\/escolaestevebarrachina\/wp-json\/"}],"wp:attachment":[{"href":"https:\/\/agora.xtec.cat\/escolaestevebarrachina\/wp-json\/wp\/v2\/media?parent=3785"}],"wp:term":[{"taxonomy":"category","embeddable":true,"href":"https:\/\/agora.xtec.cat\/escolaestevebarrachina\/wp-json\/wp\/v2\/categories?post=3785"},{"taxonomy":"post_tag","embeddable":true,"href":"https:\/\/agora.xtec.cat\/escolaestevebarrachina\/wp-json\/wp\/v2\/tags?post=3785"}],"curies":[{"name":"wp","href":"https:\/\/api.w.org\/{rel}","templated":true}]}}