{"id":3702,"date":"2016-11-12T20:44:16","date_gmt":"2016-11-12T19:44:16","guid":{"rendered":"https:\/\/escolaestevebarrachina.cat\/?p=3702"},"modified":"2016-11-12T20:44:16","modified_gmt":"2016-11-12T19:44:16","slug":"ja-tenim-nous-consellers","status":"publish","type":"post","link":"https:\/\/agora.xtec.cat\/escolaestevebarrachina\/blog\/ja-tenim-nous-consellers\/","title":{"rendered":"Ja tenim nous consellers!"},"content":{"rendered":"<p>Es van celebrar a 5\u00e8 de prim\u00e0ria les eleccions al Consell d&#8217;Infants per a formar part d&#8217;aquest \u00f2rgan de l&#8217;Ajuntament de Sitges.<\/p>\n<p>Van sortir elegits:<\/p>\n<p><strong>\u00a0Anna Martorell de 5\u00e8A i Ernest Soler de 5\u00e8B<\/strong><\/p>\n<p>Enhorabona als dos!!<\/p>\n<p>Juntament amb l&#8217;<strong>Alexis Ros\u00e9s de 6\u00e8A<\/strong> i en<strong> Josep M\u00aa Palma de<\/strong> <strong>6\u00e8B<\/strong>, que segueixen per segon any consecutiu, seran els nostres representats al Consell d&#8217;Infants d&#8217;aquest curs 2016-2017.<\/p>\n<p>Moltes gr\u00e0cies en nom de tots i totes!!!<\/p>\n<p><img loading=\"lazy\" decoding=\"async\" class=\"alignleft size-large wp-image-3706\" src=\"https:\/\/escolaestevebarrachina.cat\/wp-content\/uploads\/2016\/11\/consell-1024x481.jpg\" alt=\"consell\" width=\"980\" height=\"460\" \/><\/p>\n<p>&nbsp;<\/p>\n<p><span style=\"border-radius: 2px; text-indent: 20px; width: auto; padding: 0px 4px 0px 0px; text-align: center; font: bold 11px\/20px 'Helvetica Neue',Helvetica,sans-serif; color: #ffffff; background: #bd081c  no-repeat scroll 3px 50% \/ 14px 14px; position: absolute; opacity: 1; z-index: 8675309; display: none; cursor: pointer; top: 356px; left: 20px;\">Guardar<\/span><\/p>\n","protected":false},"excerpt":{"rendered":"<p>Es van celebrar a 5\u00e8 de prim\u00e0ria les eleccions al Consell d&#8217;Infants per a formar part d&#8217;aquest \u00f2rgan de l&#8217;Ajuntament de Sitges.<br \/>\nVan sortir elegits:<br \/>\n\u00a0Anna Martorell de 5\u00e8A i Ernest Soler de 5\u00e8B<br \/>\nEnhorabona als dos!!<br \/>\nJuntament amb l&#8217;Alexis Ros\u00e9s de 6\u00e8A i en Josep M\u00aa Palma de&hellip;  <a href=\"https:\/\/agora.xtec.cat\/escolaestevebarrachina\/blog\/ja-tenim-nous-consellers\/\" title=\"Read Ja tenim nous consellers!\">Llegeix m\u00e9s\u00bb<\/a><\/p>\n","protected":false},"author":1,"featured_media":3704,"comment_status":"open","ping_status":"open","sticky":false,"template":"","format":"standard","meta":{"_bbp_topic_count":0,"_bbp_reply_count":0,"_bbp_total_topic_count":0,"_bbp_total_reply_count":0,"_bbp_voice_count":0,"_bbp_anonymous_reply_count":0,"_bbp_topic_count_hidden":0,"_bbp_reply_count_hidden":0,"_bbp_forum_subforum_count":0,"footnotes":""},"categories":[86],"tags":[135],"class_list":["post-3702","post","type-post","status-publish","format-standard","has-post-thumbnail","hentry","category-blog","tag-consell-dinfants"],"post_mailing_queue_ids":[],"_links":{"self":[{"href":"https:\/\/agora.xtec.cat\/escolaestevebarrachina\/wp-json\/wp\/v2\/posts\/3702","targetHints":{"allow":["GET"]}}],"collection":[{"href":"https:\/\/agora.xtec.cat\/escolaestevebarrachina\/wp-json\/wp\/v2\/posts"}],"about":[{"href":"https:\/\/agora.xtec.cat\/escolaestevebarrachina\/wp-json\/wp\/v2\/types\/post"}],"author":[{"embeddable":true,"href":"https:\/\/agora.xtec.cat\/escolaestevebarrachina\/wp-json\/wp\/v2\/users\/1"}],"replies":[{"embeddable":true,"href":"https:\/\/agora.xtec.cat\/escolaestevebarrachina\/wp-json\/wp\/v2\/comments?post=3702"}],"version-history":[{"count":0,"href":"https:\/\/agora.xtec.cat\/escolaestevebarrachina\/wp-json\/wp\/v2\/posts\/3702\/revisions"}],"wp:featuredmedia":[{"embeddable":true,"href":"https:\/\/agora.xtec.cat\/escolaestevebarrachina\/wp-json\/"}],"wp:attachment":[{"href":"https:\/\/agora.xtec.cat\/escolaestevebarrachina\/wp-json\/wp\/v2\/media?parent=3702"}],"wp:term":[{"taxonomy":"category","embeddable":true,"href":"https:\/\/agora.xtec.cat\/escolaestevebarrachina\/wp-json\/wp\/v2\/categories?post=3702"},{"taxonomy":"post_tag","embeddable":true,"href":"https:\/\/agora.xtec.cat\/escolaestevebarrachina\/wp-json\/wp\/v2\/tags?post=3702"}],"curies":[{"name":"wp","href":"https:\/\/api.w.org\/{rel}","templated":true}]}}