{"id":3696,"date":"2016-11-04T09:32:11","date_gmt":"2016-11-04T08:32:11","guid":{"rendered":"https:\/\/escolaestevebarrachina.cat\/?p=3696"},"modified":"2016-11-04T09:32:11","modified_gmt":"2016-11-04T08:32:11","slug":"aquesta-quinzena-escoltem-human-behaivor-bjork","status":"publish","type":"post","link":"https:\/\/agora.xtec.cat\/escolaestevebarrachina\/blog\/aquesta-quinzena-escoltem-human-behaivor-bjork\/","title":{"rendered":"Aquesta quinzena escoltem&#8230; &#8220;Human behaivor&#8221; (Bj\u00f6rk)"},"content":{"rendered":"<p><b>Bj\u00f6rk\u00a0<\/b> \u00e9s una cantautora i compositora islandesa, posse\u00efdora d&#8217;una gran expressivitat vocal i interessada en molts tipus de m\u00fasica incloent-hi el pop, la m\u00fasica electr\u00f2nica, el g\u00e8nere folk i la m\u00fasica cl\u00e0ssica.<\/p>\n<p>A part de la seva carrera musical, que va iniciar amb del grup The Shugarcubes, ha estat tamb\u00e9 actriu participant en la pel\u00b7l\u00edcula\u00a0 <i><a class=\"new\" title=\"Pr\u00eat-\u00e0-Porter (encara no existeix)\" href=\"https:\/\/ca.wikipedia.org\/w\/index.php?title=Pr%C3%AAt-%C3%A0-Porter&amp;action=edit&amp;redlink=1\">Pr\u00eat-\u00e0-Porter<\/a><\/i> (<a title=\"1994\" href=\"https:\/\/ca.wikipedia.org\/wiki\/1994\">1994<\/a>), al projecte visual de\u00a0 <i><a class=\"new\" title=\"Drawing Restraint 9 (encara no existeix)\" href=\"https:\/\/ca.wikipedia.org\/w\/index.php?title=Drawing_Restraint_9&amp;action=edit&amp;redlink=1\">Drawing Restraint 9<\/a><\/i> (<a title=\"2005\" href=\"https:\/\/ca.wikipedia.org\/wiki\/2005\">2005<\/a>), i ha estat la protagonista del <a title=\"Cinema musical\" href=\"https:\/\/ca.wikipedia.org\/wiki\/Cinema_musical\">musical<\/a> de <i><a title=\"Dancer in the Dark\" href=\"https:\/\/ca.wikipedia.org\/wiki\/Dancer_in_the_Dark\">Dancer in the Dark<\/a><\/i> (<a title=\"2000\" href=\"https:\/\/ca.wikipedia.org\/wiki\/2000\">2000<\/a>).<\/p>\n<p>Per aquesta \u00faltima va estar nominada a l&#8217;<a title=\"Oscar a la millor can\u00e7\u00f3 original\" href=\"https:\/\/ca.wikipedia.org\/wiki\/Oscar_a_la_millor_can%C3%A7%C3%B3_original\">Oscar<\/a> i al <a title=\"Globus d'Or a la millor can\u00e7\u00f3 original\" href=\"https:\/\/ca.wikipedia.org\/wiki\/Globus_d%27Or_a_la_millor_can%C3%A7%C3%B3_original\">Globus d&#8217;Or a la millor can\u00e7\u00f3 original<\/a> (amb &#8220;I&#8217;ve Seen It All&#8221;), i va guanyar el Golden Satellite Award en la mateixa categoria, i tamb\u00e9 el premi a la millor actriu al <a title=\"Festival Internacional de Cinema de Canes\" href=\"https:\/\/ca.wikipedia.org\/wiki\/Festival_Internacional_de_Cinema_de_Canes\">Festival Internacional de Cinema de Canes<\/a>.<\/p>\n<p>La can\u00e7\u00f3 &#8220;Human behaivor&#8221; pertany al seu primer disc en solitari &#8220;Debut&#8221; (1993)<\/p>\n<p><iframe loading=\"lazy\" title=\"bj\u00f6rk - human behaviour\" width=\"500\" height=\"375\" src=\"https:\/\/www.youtube.com\/embed\/36Srr08PN_Y?feature=oembed\" frameborder=\"0\" allow=\"accelerometer; autoplay; clipboard-write; encrypted-media; gyroscope; picture-in-picture; web-share\" referrerpolicy=\"strict-origin-when-cross-origin\" allowfullscreen><\/iframe><\/p>\n","protected":false},"excerpt":{"rendered":"<p>Bj\u00f6rk\u00a0 \u00e9s una cantautora i compositora islandesa, posse\u00efdora d&#8217;una gran expressivitat vocal i interessada en molts tipus de m\u00fasica incloent-hi el pop, la m\u00fasica electr\u00f2nica, el g\u00e8nere folk i la m\u00fasica cl\u00e0ssica.<br \/>\nA part de la seva carrera musical, que va iniciar amb del grup The&hellip;  <a href=\"https:\/\/agora.xtec.cat\/escolaestevebarrachina\/blog\/aquesta-quinzena-escoltem-human-behaivor-bjork\/\" title=\"Read Aquesta quinzena escoltem&#8230; &#8220;Human behaivor&#8221; (Bj\u00f6rk)\">Llegeix m\u00e9s\u00bb<\/a><\/p>\n","protected":false},"author":1,"featured_media":3697,"comment_status":"open","ping_status":"open","sticky":false,"template":"","format":"standard","meta":{"_bbp_topic_count":0,"_bbp_reply_count":0,"_bbp_total_topic_count":0,"_bbp_total_reply_count":0,"_bbp_voice_count":0,"_bbp_anonymous_reply_count":0,"_bbp_topic_count_hidden":0,"_bbp_reply_count_hidden":0,"_bbp_forum_subforum_count":0,"footnotes":""},"categories":[86],"tags":[],"class_list":["post-3696","post","type-post","status-publish","format-standard","has-post-thumbnail","hentry","category-blog"],"post_mailing_queue_ids":[],"_links":{"self":[{"href":"https:\/\/agora.xtec.cat\/escolaestevebarrachina\/wp-json\/wp\/v2\/posts\/3696","targetHints":{"allow":["GET"]}}],"collection":[{"href":"https:\/\/agora.xtec.cat\/escolaestevebarrachina\/wp-json\/wp\/v2\/posts"}],"about":[{"href":"https:\/\/agora.xtec.cat\/escolaestevebarrachina\/wp-json\/wp\/v2\/types\/post"}],"author":[{"embeddable":true,"href":"https:\/\/agora.xtec.cat\/escolaestevebarrachina\/wp-json\/wp\/v2\/users\/1"}],"replies":[{"embeddable":true,"href":"https:\/\/agora.xtec.cat\/escolaestevebarrachina\/wp-json\/wp\/v2\/comments?post=3696"}],"version-history":[{"count":0,"href":"https:\/\/agora.xtec.cat\/escolaestevebarrachina\/wp-json\/wp\/v2\/posts\/3696\/revisions"}],"wp:featuredmedia":[{"embeddable":true,"href":"https:\/\/agora.xtec.cat\/escolaestevebarrachina\/wp-json\/"}],"wp:attachment":[{"href":"https:\/\/agora.xtec.cat\/escolaestevebarrachina\/wp-json\/wp\/v2\/media?parent=3696"}],"wp:term":[{"taxonomy":"category","embeddable":true,"href":"https:\/\/agora.xtec.cat\/escolaestevebarrachina\/wp-json\/wp\/v2\/categories?post=3696"},{"taxonomy":"post_tag","embeddable":true,"href":"https:\/\/agora.xtec.cat\/escolaestevebarrachina\/wp-json\/wp\/v2\/tags?post=3696"}],"curies":[{"name":"wp","href":"https:\/\/api.w.org\/{rel}","templated":true}]}}