{"id":3686,"date":"2016-11-01T16:33:56","date_gmt":"2016-11-01T15:33:56","guid":{"rendered":"https:\/\/escolaestevebarrachina.cat\/?p=3686"},"modified":"2016-11-01T16:33:56","modified_gmt":"2016-11-01T15:33:56","slug":"celebracio-de-la-castanyada","status":"publish","type":"post","link":"https:\/\/agora.xtec.cat\/escolaestevebarrachina\/activitats-del-centre\/celebracio-de-la-castanyada\/","title":{"rendered":"Celebraci\u00f3 de la Castanyada"},"content":{"rendered":"<p>Aquest dilluns\u00a0 30 d&#8217;octubre hem celebrat la castanyada a l&#8217;escola. Enguanyho hem fet\u00a0 per separat, infantil i prim\u00e0ria. Aqui us adjuntem algunes fotos de la celebraci\u00f3 de Prim\u00e0ria. Podreu veure les d&#8217;infantil al seu bloc.<\/p>\n<p>Per a la celebraci\u00f3, hem fet un cop m\u00e9s &#8220;Tastets de tardor&#8221;. Cada nivell o cicle ens ha obsequiat amb un petit most.<\/p>\n<p>Els nens i nenes de P5 ajudats pels m\u00e9s grans del cicle superior, han elaborat els tipics panellest per a tothom. Al cicle inicial han creat el postre que ells han anomenat &#8221; Bolets de Tardor&#8221; ( madalenes sucades amb xocolata). Al Cicle mitj\u00e0 uns sucosos canap\u00e9s amb magranes, codony i mandarines.<\/p>\n<p>Tamb\u00e9 els nostres pares i mares han torrat les castanyetes de la Maria, la castanyera. GR\u00c0CIES!!<\/p>\n<p>mmm&#8230;.qu\u00e8 b\u00f3!!!!<\/p>\n<p><img loading=\"lazy\" decoding=\"async\" class=\"alignleft size-large wp-image-3687\" src=\"https:\/\/escolaestevebarrachina.cat\/wp-content\/uploads\/2016\/11\/Tastets-1024x1024.jpg\" alt=\"tastets\" width=\"980\" height=\"980\" \/><\/p>\n<p>&nbsp;<\/p>\n<p><a href=\"https:\/\/www.flickr.com\/photos\/105651434@N04\/albums\/72157674539999782\">Seguir mirant&#8230;<\/a><\/p>\n<p><span style=\"border-radius: 2px; text-indent: 20px; width: auto; padding: 0px 4px 0px 0px; text-align: center; font: bold 11px\/20px 'Helvetica Neue',Helvetica,sans-serif; color: #ffffff; background: #bd081c no-repeat scroll 3px 50% \/ 14px 14px; position: absolute; opacity: 1; z-index: 8675309; display: none; cursor: pointer;\">Guardar<\/span><\/p>\n<p><span style=\"border-radius: 2px; text-indent: 20px; width: auto; padding: 0px 4px 0px 0px; text-align: center; font: bold 11px\/20px 'Helvetica Neue',Helvetica,sans-serif; color: #ffffff; background: #bd081c  no-repeat scroll 3px 50% \/ 14px 14px; position: absolute; opacity: 1; z-index: 8675309; display: none; cursor: pointer; top: 460px; left: 20px;\">Guardar<\/span><\/p>\n","protected":false},"excerpt":{"rendered":"<p>Aquest dilluns\u00a0 30 d&#8217;octubre hem celebrat la castanyada a l&#8217;escola. Enguanyho hem fet\u00a0 per separat, infantil i prim\u00e0ria. Aqui us adjuntem algunes fotos de la celebraci\u00f3 de Prim\u00e0ria. Podreu veure les d&#8217;infantil al seu bloc.<br \/>\nPer a la celebraci\u00f3, hem fet un cop m\u00e9s &#8220;Tastets de&hellip;  <a href=\"https:\/\/agora.xtec.cat\/escolaestevebarrachina\/activitats-del-centre\/celebracio-de-la-castanyada\/\" title=\"Read Celebraci\u00f3 de la Castanyada\">Llegeix m\u00e9s\u00bb<\/a><\/p>\n","protected":false},"author":1,"featured_media":3688,"comment_status":"open","ping_status":"open","sticky":false,"template":"","format":"standard","meta":{"_bbp_topic_count":0,"_bbp_reply_count":0,"_bbp_total_topic_count":0,"_bbp_total_reply_count":0,"_bbp_voice_count":0,"_bbp_anonymous_reply_count":0,"_bbp_topic_count_hidden":0,"_bbp_reply_count_hidden":0,"_bbp_forum_subforum_count":0,"footnotes":""},"categories":[84,86,136],"tags":[],"class_list":["post-3686","post","type-post","status-publish","format-standard","has-post-thumbnail","hentry","category-activitats-del-centre","category-blog","category-festes"],"post_mailing_queue_ids":[],"_links":{"self":[{"href":"https:\/\/agora.xtec.cat\/escolaestevebarrachina\/wp-json\/wp\/v2\/posts\/3686","targetHints":{"allow":["GET"]}}],"collection":[{"href":"https:\/\/agora.xtec.cat\/escolaestevebarrachina\/wp-json\/wp\/v2\/posts"}],"about":[{"href":"https:\/\/agora.xtec.cat\/escolaestevebarrachina\/wp-json\/wp\/v2\/types\/post"}],"author":[{"embeddable":true,"href":"https:\/\/agora.xtec.cat\/escolaestevebarrachina\/wp-json\/wp\/v2\/users\/1"}],"replies":[{"embeddable":true,"href":"https:\/\/agora.xtec.cat\/escolaestevebarrachina\/wp-json\/wp\/v2\/comments?post=3686"}],"version-history":[{"count":0,"href":"https:\/\/agora.xtec.cat\/escolaestevebarrachina\/wp-json\/wp\/v2\/posts\/3686\/revisions"}],"wp:featuredmedia":[{"embeddable":true,"href":"https:\/\/agora.xtec.cat\/escolaestevebarrachina\/wp-json\/"}],"wp:attachment":[{"href":"https:\/\/agora.xtec.cat\/escolaestevebarrachina\/wp-json\/wp\/v2\/media?parent=3686"}],"wp:term":[{"taxonomy":"category","embeddable":true,"href":"https:\/\/agora.xtec.cat\/escolaestevebarrachina\/wp-json\/wp\/v2\/categories?post=3686"},{"taxonomy":"post_tag","embeddable":true,"href":"https:\/\/agora.xtec.cat\/escolaestevebarrachina\/wp-json\/wp\/v2\/tags?post=3686"}],"curies":[{"name":"wp","href":"https:\/\/api.w.org\/{rel}","templated":true}]}}