{"id":3637,"date":"2016-11-01T16:07:32","date_gmt":"2016-11-01T15:07:32","guid":{"rendered":"https:\/\/escolaestevebarrachina.cat\/?p=3637"},"modified":"2016-11-01T16:07:32","modified_gmt":"2016-11-01T15:07:32","slug":"arriba-la-tardor","status":"publish","type":"post","link":"https:\/\/agora.xtec.cat\/escolaestevebarrachina\/activitats-del-centre\/arriba-la-tardor\/","title":{"rendered":"Arriba la TARDOR!!!"},"content":{"rendered":"<p>Si, si a l&#8217;escola Esteve Barrachina estem de celebraci\u00f3! . Ha arribat la tardor i tots i totes ho hem festejat decprant els nostres passadissos i aules. Aquests s&#8217;han convertit en boscos pens de bolets i de fulles seques,<img loading=\"lazy\" decoding=\"async\" class=\"alignleft size-full wp-image-3636\" src=\"https:\/\/escolaestevebarrachina.cat\/wp-content\/uploads\/2013\/02\/IMG_20161028_171940.jpg\" alt=\"img_20161028_171940\" width=\"2560\" height=\"1920\" \/><\/p>\n<p>&nbsp;<\/p>\n<p>&nbsp;<\/p>\n<p>&nbsp;<\/p>\n<p>&nbsp;<\/p>\n<p>&nbsp;<\/p>\n<p>&nbsp;<\/p>\n<p>&nbsp;<\/p>\n<p>Per cert s\u00f3n un bolets un xic estrafolaris, no us sembla?<\/p>\n<p><img loading=\"lazy\" decoding=\"async\" class=\"alignleft size-full wp-image-3639\" src=\"https:\/\/escolaestevebarrachina.cat\/wp-content\/uploads\/2016\/11\/moniatos.jpg\" alt=\"moniatos\" width=\"2000\" height=\"2000\" \/><\/p>\n<p>&nbsp;<\/p>\n<p>amb camps de vinyes plenes de gotims de ra\u00efm,\u00a0 mmm!!!<\/p>\n<p><img loading=\"lazy\" decoding=\"async\" class=\"alignleft size-full wp-image-3640\" src=\"https:\/\/escolaestevebarrachina.cat\/wp-content\/uploads\/2016\/11\/vinyes.jpg\" alt=\"vinyes\" width=\"3000\" height=\"1500\" \/><\/p>\n<p>&nbsp;<\/p>\n<p>&nbsp;<\/p>\n<p>&nbsp;<\/p>\n<p>&nbsp;<\/p>\n<p>&nbsp;<\/p>\n<p>&nbsp;<\/p>\n<p>&nbsp;<\/p>\n<p>Per\u00f2 no oblidem que als pa\u00efsos anglosaxons tamb\u00e9 se celebra el Halloween, per aix\u00f2 des de l&#8217;aula de pl\u00e0stica en angl\u00e8s. l&#8217;alumnat m\u00e9s gran de l&#8217;escola hem aportat la nostra decoraci\u00f3 amb motius mols escabrosos, ja, ja ja, &#8230; uuuuuuuuh!!!\u00a0\u00a0\u00a0 <img loading=\"lazy\" decoding=\"async\" class=\"alignleft size-full wp-image-3678\" src=\"https:\/\/escolaestevebarrachina.cat\/wp-content\/uploads\/2016\/11\/pouporri.jpg\" alt=\"pouporri\" width=\"2000\" height=\"2000\" \/><\/p>\n<p>&nbsp;<\/p>\n<p>&nbsp;<\/p>\n<p>&nbsp;<\/p>\n<p>&nbsp;<\/p>\n<p>&nbsp;<\/p>\n<p>&nbsp;<\/p>\n<p>&nbsp;<\/p>\n<p>&nbsp;<\/p>\n<p>&nbsp;<\/p>\n<p>&nbsp;<\/p>\n<p>&nbsp;<\/p>\n<p>&nbsp;<\/p>\n<p>&nbsp;<\/p>\n<p><img loading=\"lazy\" decoding=\"async\" class=\"alignleft size-full wp-image-3641\" src=\"https:\/\/escolaestevebarrachina.cat\/wp-content\/uploads\/2016\/11\/halloween.jpg\" alt=\"halloween\" width=\"2000\" height=\"2000\" \/><\/p>\n<p>&nbsp;<\/p>\n<p>&nbsp;<\/p>\n<p>&nbsp;<\/p>\n<p>&nbsp;<\/p>\n<p>&nbsp;<\/p>\n<p>&nbsp;<\/p>\n<p>&nbsp;<\/p>\n<p>&nbsp;<\/p>\n<p>&nbsp;<\/p>\n<p>&nbsp;<\/p>\n<p>&nbsp;<\/p>\n<p>&nbsp;<\/p>\n<p>&nbsp;<\/p>\n<p>&nbsp;<\/p>\n<p>&nbsp;<\/p>\n<p>&nbsp;<\/p>\n","protected":false},"excerpt":{"rendered":"<p>Si, si a l&#8217;escola Esteve Barrachina estem de celebraci\u00f3! . Ha arribat la tardor i tots i totes ho hem festejat decprant els nostres passadissos i aules. Aquests s&#8217;han convertit en boscos pens de bolets i de fulles seques,<br \/>\n&nbsp;<br \/>\n&nbsp;<br \/>\n&nbsp;<br \/>\n&nbsp;<br \/>\n&nbsp;<br \/>\n&nbsp;<br \/>\n&nbsp;<br \/>\nPer cert s\u00f3n un bolets un xic&hellip;  <a href=\"https:\/\/agora.xtec.cat\/escolaestevebarrachina\/activitats-del-centre\/arriba-la-tardor\/\" title=\"Read Arriba la TARDOR!!!\">Llegeix m\u00e9s\u00bb<\/a><\/p>\n","protected":false},"author":1,"featured_media":3638,"comment_status":"open","ping_status":"open","sticky":false,"template":"","format":"standard","meta":{"_bbp_topic_count":0,"_bbp_reply_count":0,"_bbp_total_topic_count":0,"_bbp_total_reply_count":0,"_bbp_voice_count":0,"_bbp_anonymous_reply_count":0,"_bbp_topic_count_hidden":0,"_bbp_reply_count_hidden":0,"_bbp_forum_subforum_count":0,"footnotes":""},"categories":[84,86,136],"tags":[],"class_list":["post-3637","post","type-post","status-publish","format-standard","has-post-thumbnail","hentry","category-activitats-del-centre","category-blog","category-festes"],"post_mailing_queue_ids":[],"_links":{"self":[{"href":"https:\/\/agora.xtec.cat\/escolaestevebarrachina\/wp-json\/wp\/v2\/posts\/3637","targetHints":{"allow":["GET"]}}],"collection":[{"href":"https:\/\/agora.xtec.cat\/escolaestevebarrachina\/wp-json\/wp\/v2\/posts"}],"about":[{"href":"https:\/\/agora.xtec.cat\/escolaestevebarrachina\/wp-json\/wp\/v2\/types\/post"}],"author":[{"embeddable":true,"href":"https:\/\/agora.xtec.cat\/escolaestevebarrachina\/wp-json\/wp\/v2\/users\/1"}],"replies":[{"embeddable":true,"href":"https:\/\/agora.xtec.cat\/escolaestevebarrachina\/wp-json\/wp\/v2\/comments?post=3637"}],"version-history":[{"count":0,"href":"https:\/\/agora.xtec.cat\/escolaestevebarrachina\/wp-json\/wp\/v2\/posts\/3637\/revisions"}],"wp:featuredmedia":[{"embeddable":true,"href":"https:\/\/agora.xtec.cat\/escolaestevebarrachina\/wp-json\/"}],"wp:attachment":[{"href":"https:\/\/agora.xtec.cat\/escolaestevebarrachina\/wp-json\/wp\/v2\/media?parent=3637"}],"wp:term":[{"taxonomy":"category","embeddable":true,"href":"https:\/\/agora.xtec.cat\/escolaestevebarrachina\/wp-json\/wp\/v2\/categories?post=3637"},{"taxonomy":"post_tag","embeddable":true,"href":"https:\/\/agora.xtec.cat\/escolaestevebarrachina\/wp-json\/wp\/v2\/tags?post=3637"}],"curies":[{"name":"wp","href":"https:\/\/api.w.org\/{rel}","templated":true}]}}