{"id":3612,"date":"2016-09-29T09:17:16","date_gmt":"2016-09-29T07:17:16","guid":{"rendered":"https:\/\/escolaestevebarrachina.cat\/?p=3612"},"modified":"2016-09-29T09:17:16","modified_gmt":"2016-09-29T07:17:16","slug":"aquesta-quinzena-escoltem-one-u2","status":"publish","type":"post","link":"https:\/\/agora.xtec.cat\/escolaestevebarrachina\/escola-estebe-barrachina\/aquesta-quinzena-escoltem-one-u2\/","title":{"rendered":"Aquesta quinzena escoltem&#8230; &#8220;One&#8221; (U2)"},"content":{"rendered":"<p>Continuant amb el fil conductor que vam seguir el curs passat en qu\u00e8 vam escoltar can\u00e7ons dels anys 60, 70 i 80, aquest primer trimestre escoltarem can\u00e7ons dels anys 90. Concretament la primera audici\u00f3 d&#8217;aquest curs \u00e9s &#8220;One&#8221; del grup U2.<\/p>\n<p><b>U2<\/b> \u00e9s un grup de rock, irland\u00e8s, fundat l&#8217;any 1976 a Dubl\u00edn, format pel cantant i guitarrista <i><a title=\"Bono\" href=\"https:\/\/ca.wikipedia.org\/wiki\/Bono\">Bono<\/a><\/i> (Paul David Hewson), <i><a title=\"The Edge\" href=\"https:\/\/ca.wikipedia.org\/wiki\/The_Edge\">The Edge<\/a><\/i> (David Howell Evans) com a guitarrista i a vegades teclats, el baixista <a title=\"Adam Clayton\" href=\"https:\/\/ca.wikipedia.org\/wiki\/Adam_Clayton\">Adam Charles Clayton<\/a> i el bateria <a title=\"Larry Mullen, Jr.\" href=\"https:\/\/ca.wikipedia.org\/wiki\/Larry_Mullen,_Jr.\">Larry Mullen, Jr.<\/a>.<\/p>\n<p>U2 ha estat un dels grups de rock m\u00e9s populars mundialment des de la d\u00e8cada dels 80. D&#8217;en\u00e7\u00e0 de la seva aparici\u00f3 han venut m\u00e9s de 190 milions de discos a tot el m\u00f3n i han guanyat 22 Premis Grammy, m\u00e9s que cap altre grup de rock a la hist\u00f2ria. La banda ha esdevingut tamb\u00e9 molt coneguda per les seves nombroses campanyes a favor de diferents causes solid\u00e0ries.<\/p>\n<p>&#8220;One&#8221; \u00e9s una can\u00e7\u00f3 del seu \u00e0lbum &#8220;Achtung baby&#8221; (1991)<\/p>\n<p><a href=\"https:\/\/www.youtube.com\/watch?v=nKoj4iou9yQ\">https:\/\/www.youtube.com\/watch?v=nKoj4iou9yQ<\/a><\/p>\n<h3><span id=\"Achtung_Baby.2C_Zoo_TV.2C_i_Zooropa_.281990_.E2.80.93_1993.29\" class=\"mw-headline\">\u00a0<\/span><\/h3>\n","protected":false},"excerpt":{"rendered":"<p>Continuant amb el fil conductor que vam seguir el curs passat en qu\u00e8 vam escoltar can\u00e7ons dels anys 60, 70 i 80, aquest primer trimestre escoltarem can\u00e7ons dels anys 90. Concretament la primera audici\u00f3 d&#8217;aquest curs \u00e9s &#8220;One&#8221; del grup U2.<br \/>\nU2 \u00e9s un grup de&hellip;  <a href=\"https:\/\/agora.xtec.cat\/escolaestevebarrachina\/escola-estebe-barrachina\/aquesta-quinzena-escoltem-one-u2\/\" title=\"Read Aquesta quinzena escoltem&#8230; &#8220;One&#8221; (U2)\">Llegeix m\u00e9s\u00bb<\/a><\/p>\n","protected":false},"author":1,"featured_media":3614,"comment_status":"open","ping_status":"open","sticky":false,"template":"","format":"standard","meta":{"_bbp_topic_count":0,"_bbp_reply_count":0,"_bbp_total_topic_count":0,"_bbp_total_reply_count":0,"_bbp_voice_count":0,"_bbp_anonymous_reply_count":0,"_bbp_topic_count_hidden":0,"_bbp_reply_count_hidden":0,"_bbp_forum_subforum_count":0,"footnotes":""},"categories":[86,85],"tags":[],"class_list":["post-3612","post","type-post","status-publish","format-standard","has-post-thumbnail","hentry","category-blog","category-escola-estebe-barrachina"],"post_mailing_queue_ids":[],"_links":{"self":[{"href":"https:\/\/agora.xtec.cat\/escolaestevebarrachina\/wp-json\/wp\/v2\/posts\/3612","targetHints":{"allow":["GET"]}}],"collection":[{"href":"https:\/\/agora.xtec.cat\/escolaestevebarrachina\/wp-json\/wp\/v2\/posts"}],"about":[{"href":"https:\/\/agora.xtec.cat\/escolaestevebarrachina\/wp-json\/wp\/v2\/types\/post"}],"author":[{"embeddable":true,"href":"https:\/\/agora.xtec.cat\/escolaestevebarrachina\/wp-json\/wp\/v2\/users\/1"}],"replies":[{"embeddable":true,"href":"https:\/\/agora.xtec.cat\/escolaestevebarrachina\/wp-json\/wp\/v2\/comments?post=3612"}],"version-history":[{"count":0,"href":"https:\/\/agora.xtec.cat\/escolaestevebarrachina\/wp-json\/wp\/v2\/posts\/3612\/revisions"}],"wp:featuredmedia":[{"embeddable":true,"href":"https:\/\/agora.xtec.cat\/escolaestevebarrachina\/wp-json\/"}],"wp:attachment":[{"href":"https:\/\/agora.xtec.cat\/escolaestevebarrachina\/wp-json\/wp\/v2\/media?parent=3612"}],"wp:term":[{"taxonomy":"category","embeddable":true,"href":"https:\/\/agora.xtec.cat\/escolaestevebarrachina\/wp-json\/wp\/v2\/categories?post=3612"},{"taxonomy":"post_tag","embeddable":true,"href":"https:\/\/agora.xtec.cat\/escolaestevebarrachina\/wp-json\/wp\/v2\/tags?post=3612"}],"curies":[{"name":"wp","href":"https:\/\/api.w.org\/{rel}","templated":true}]}}