{"id":3564,"date":"2016-06-15T22:49:52","date_gmt":"2016-06-15T20:49:52","guid":{"rendered":"https:\/\/escolaestevebarrachina.cat\/?p=3564"},"modified":"2016-06-15T22:49:52","modified_gmt":"2016-06-15T20:49:52","slug":"cantata-el-ratoli-electronic-2","status":"publish","type":"post","link":"https:\/\/agora.xtec.cat\/escolaestevebarrachina\/blog\/cantata-el-ratoli-electronic-2\/","title":{"rendered":"Cantata &#8220;El ratol\u00ed electr\u00f2nic&#8221;"},"content":{"rendered":"<p><img loading=\"lazy\" decoding=\"async\" class=\"aligncenter wp-image-3565\" src=\"https:\/\/escolaestevebarrachina.cat\/wp-content\/uploads\/2016\/06\/cantata1-300x169.jpg\" alt=\"cantata1\" width=\"348\" height=\"196\" \/><\/p>\n<p>El passat dia 9 de juny, els alumnes de 4t, \u00a0vam anar\u00a0a l&#8217;Hort de Can Fal\u00e7 per a presentar la cantata &#8220;El ratol\u00ed electr\u00f2nic&#8221; (amb m\u00fasica de Ricard Gimeno i text de Jes\u00fas Nieto).<\/p>\n<p>Aquesta cantata, organitzada per l&#8217;Escola Municipal de M\u00fasica Montserrat Almirall, ens ha portat unes quantes setmanes de feina\u00a0per\u00f2 ha estat molt emocionant culminar tot\u00a0el proc\u00e9s\u00a0amb aquest mat\u00ed musical, compartit amb alumnes d&#8217;unes altres tres escoles de Sitges i amb els professors de l&#8217;Escola de M\u00fasica tocant en directe, \u00a0per a fer la\u00a0presentaci\u00f3\u00a0a les mares i pares que han pogut venir a esoltar-nos.<\/p>\n<p><img loading=\"lazy\" decoding=\"async\" class=\"aligncenter wp-image-3566\" src=\"https:\/\/escolaestevebarrachina.cat\/wp-content\/uploads\/2016\/06\/cantata-2-300x169.jpg\" alt=\"cantata 2\" width=\"326\" height=\"184\" \/><\/p>\n<p><img loading=\"lazy\" decoding=\"async\" class=\"aligncenter wp-image-3567\" src=\"https:\/\/escolaestevebarrachina.cat\/wp-content\/uploads\/2016\/06\/IMG_4130-225x300.jpg\" alt=\"IMG_4130\" width=\"257\" height=\"343\" \/><\/p>\n","protected":false},"excerpt":{"rendered":"<p>El passat dia 9 de juny, els alumnes de 4t, \u00a0vam anar\u00a0a l&#8217;Hort de Can Fal\u00e7 per a presentar la cantata &#8220;El ratol\u00ed electr\u00f2nic&#8221; (amb m\u00fasica de Ricard Gimeno i text de Jes\u00fas Nieto).<br \/>\nAquesta cantata, organitzada per l&#8217;Escola Municipal de M\u00fasica Montserrat Almirall, ens ha&hellip;  <a href=\"https:\/\/agora.xtec.cat\/escolaestevebarrachina\/blog\/cantata-el-ratoli-electronic-2\/\" title=\"Read Cantata &#8220;El ratol\u00ed electr\u00f2nic&#8221;\">Llegeix m\u00e9s\u00bb<\/a><\/p>\n","protected":false},"author":1,"featured_media":3567,"comment_status":"open","ping_status":"open","sticky":false,"template":"","format":"standard","meta":{"_bbp_topic_count":0,"_bbp_reply_count":0,"_bbp_total_topic_count":0,"_bbp_total_reply_count":0,"_bbp_voice_count":0,"_bbp_anonymous_reply_count":0,"_bbp_topic_count_hidden":0,"_bbp_reply_count_hidden":0,"_bbp_forum_subforum_count":0,"footnotes":""},"categories":[86],"tags":[],"class_list":["post-3564","post","type-post","status-publish","format-standard","has-post-thumbnail","hentry","category-blog"],"post_mailing_queue_ids":[],"_links":{"self":[{"href":"https:\/\/agora.xtec.cat\/escolaestevebarrachina\/wp-json\/wp\/v2\/posts\/3564","targetHints":{"allow":["GET"]}}],"collection":[{"href":"https:\/\/agora.xtec.cat\/escolaestevebarrachina\/wp-json\/wp\/v2\/posts"}],"about":[{"href":"https:\/\/agora.xtec.cat\/escolaestevebarrachina\/wp-json\/wp\/v2\/types\/post"}],"author":[{"embeddable":true,"href":"https:\/\/agora.xtec.cat\/escolaestevebarrachina\/wp-json\/wp\/v2\/users\/1"}],"replies":[{"embeddable":true,"href":"https:\/\/agora.xtec.cat\/escolaestevebarrachina\/wp-json\/wp\/v2\/comments?post=3564"}],"version-history":[{"count":0,"href":"https:\/\/agora.xtec.cat\/escolaestevebarrachina\/wp-json\/wp\/v2\/posts\/3564\/revisions"}],"wp:featuredmedia":[{"embeddable":true,"href":"https:\/\/agora.xtec.cat\/escolaestevebarrachina\/wp-json\/"}],"wp:attachment":[{"href":"https:\/\/agora.xtec.cat\/escolaestevebarrachina\/wp-json\/wp\/v2\/media?parent=3564"}],"wp:term":[{"taxonomy":"category","embeddable":true,"href":"https:\/\/agora.xtec.cat\/escolaestevebarrachina\/wp-json\/wp\/v2\/categories?post=3564"},{"taxonomy":"post_tag","embeddable":true,"href":"https:\/\/agora.xtec.cat\/escolaestevebarrachina\/wp-json\/wp\/v2\/tags?post=3564"}],"curies":[{"name":"wp","href":"https:\/\/api.w.org\/{rel}","templated":true}]}}