{"id":3536,"date":"2016-06-10T17:27:32","date_gmt":"2016-06-10T15:27:32","guid":{"rendered":"https:\/\/escolaestevebarrachina.cat\/?p=3536"},"modified":"2016-06-10T17:27:32","modified_gmt":"2016-06-10T15:27:32","slug":"festa-de-la-poesia","status":"publish","type":"post","link":"https:\/\/agora.xtec.cat\/escolaestevebarrachina\/activitats-del-centre\/festa-de-la-poesia\/","title":{"rendered":"Festa de la Poesia"},"content":{"rendered":"<p>Els nens i nens des de 1r fins a 6\u00e8 han estat treballant petits fragments de les poesies de cadascun dels poetes invitats a la Festa de la Poesia d&#8217;enguany.<br \/>\n1r-<strong> Rosalina Ballester- <\/strong><\/p>\n<blockquote><p><em>&#8220;La por i el riure, els dos<img loading=\"lazy\" decoding=\"async\" class=\"alignleft  wp-image-3539\" src=\"https:\/\/escolaestevebarrachina.cat\/wp-content\/uploads\/2016\/06\/rosalina1.jpg\" alt=\"rosalina1\" width=\"516\" height=\"399\" \/> extrems de casa nostra.&#8221;<\/em><\/p><\/blockquote>\n<p>&nbsp;<\/p>\n<p>&nbsp;<\/p>\n<p>&nbsp;<\/p>\n<p>&nbsp;<\/p>\n<p>&nbsp;<\/p>\n<p>&nbsp;<\/p>\n<p>&nbsp;<\/p>\n<p>&nbsp;<\/p>\n<p>&nbsp;<\/p>\n<p>&nbsp;<\/p>\n<p>&nbsp;<\/p>\n<p>2n<strong> Jordi Guardans<\/strong><\/p>\n<blockquote><p><em>&#8220;C\u00e0lid sol de l\u2019alba, llum que el blat desperta.&#8221;<\/em><\/p><\/blockquote>\n<blockquote><p><em><img loading=\"lazy\" decoding=\"async\" class=\"alignleft  wp-image-3540\" src=\"https:\/\/escolaestevebarrachina.cat\/wp-content\/uploads\/2016\/06\/Jordi-guardans-1.jpg\" alt=\"Jordi guardans 1\" width=\"510\" height=\"464\" \/><\/em><\/p><\/blockquote>\n<p>&nbsp;<\/p>\n<p>&nbsp;<\/p>\n<p>&nbsp;<\/p>\n<p>&nbsp;<\/p>\n<p>&nbsp;<\/p>\n<p>&nbsp;<\/p>\n<p>&nbsp;<\/p>\n<p>&nbsp;<\/p>\n<p>&nbsp;<\/p>\n<p>&nbsp;<\/p>\n<p>&nbsp;<\/p>\n<p>&nbsp;<\/p>\n<p>3r- <strong>Anna Bou Jorba<\/strong><\/p>\n<blockquote><p><em>&#8220;Un banyador \u00e9s el que m\u00e9s s\u2019assembla a l\u2019\u00e0nima: S\u2019arrapa, s\u2019arrapa, s\u2019arrapa.&#8221;<\/em><\/p><\/blockquote>\n<p><img loading=\"lazy\" decoding=\"async\" class=\"alignleft  wp-image-3541\" src=\"https:\/\/escolaestevebarrachina.cat\/wp-content\/uploads\/2016\/06\/AnnaBou1.jpg\" alt=\"AnnaBou1\" width=\"535\" height=\"410\" \/><\/p>\n<p>&nbsp;<\/p>\n<p>&nbsp;<\/p>\n<p>&nbsp;<\/p>\n<p>&nbsp;<\/p>\n<p>&nbsp;<\/p>\n<p>&nbsp;<\/p>\n<p>&nbsp;<\/p>\n<p>&nbsp;<\/p>\n<p>&nbsp;<\/p>\n<p>&nbsp;<\/p>\n<p>&nbsp;<\/p>\n<p>&nbsp;<\/p>\n<p>&nbsp;<\/p>\n<p>&nbsp;<\/p>\n<p>4t &#8211;<strong>\u00a0 Hilari de Cara<\/strong><\/p>\n<blockquote><p><em>&#8220;L&#8217;amor i la mar s\u00f3n un rellotge, connectat amb la lluna<\/em><\/p>\n<p><em>aix\u00ed els crancs, aix\u00ed l&#8217;alga, aix\u00ed la medusa, aix\u00ed el meu cor.&#8221;<\/em><\/p><\/blockquote>\n<p><img loading=\"lazy\" decoding=\"async\" class=\"alignleft  wp-image-3542\" src=\"https:\/\/escolaestevebarrachina.cat\/wp-content\/uploads\/2016\/06\/Hilari-de-Cara-1.jpg\" alt=\"Hilari de Cara 1\" width=\"535\" height=\"379\" \/><\/p>\n<p>&nbsp;<\/p>\n<p>&nbsp;<\/p>\n<p>&nbsp;<\/p>\n<p>&nbsp;<\/p>\n<p>&nbsp;<\/p>\n<p>&nbsp;<\/p>\n<p>&nbsp;<\/p>\n<p>&nbsp;<\/p>\n<p>&nbsp;<\/p>\n<p>&nbsp;<\/p>\n<p>&nbsp;<\/p>\n<p>&nbsp;<\/p>\n<p>&nbsp;<\/p>\n<p>&nbsp;<\/p>\n<p>4t &#8211;<strong> Orlando Guill\u00e9n <\/strong>(castell\u00e0)<\/p>\n<blockquote><p><em>&#8220;La poesia presta al esp\u00edritu el sentido de las cosas<\/em><\/p>\n<p><em>sobre todo al amanecer sobre todo al amanecer.&#8221;<\/em><\/p><\/blockquote>\n<p><img loading=\"lazy\" decoding=\"async\" class=\"alignleft  wp-image-3543\" src=\"https:\/\/escolaestevebarrachina.cat\/wp-content\/uploads\/2016\/06\/Orlando-Guillen1.jpg\" alt=\"Orlando Guillen1\" width=\"573\" height=\"293\" \/><\/p>\n<p>&nbsp;<\/p>\n<p>&nbsp;<\/p>\n<p>&nbsp;<\/p>\n<p>&nbsp;<\/p>\n<p>&nbsp;<\/p>\n<p>&nbsp;<\/p>\n<p>&nbsp;<\/p>\n<p>&nbsp;<\/p>\n<p>&nbsp;<\/p>\n<p>&nbsp;<\/p>\n<p>5\u00e8 &#8211;<strong> Antonina Canyelles<\/strong><\/p>\n<blockquote><p><em>&#8220;De la vida, no he ent\u00e8s res.<\/em><\/p>\n<p><em>Per\u00f2 no me la torneu a explicar.<\/em><\/p>\n<p><em>Deu ser cosa de l\u2019antena.&#8221;<\/em><\/p><\/blockquote>\n<blockquote><p><img loading=\"lazy\" decoding=\"async\" class=\"alignleft  wp-image-3544\" src=\"https:\/\/escolaestevebarrachina.cat\/wp-content\/uploads\/2016\/06\/Antonina-C1.jpg\" alt=\"Antonina C1\" width=\"544\" height=\"355\" \/><\/p><\/blockquote>\n<p>&nbsp;<\/p>\n<p>&nbsp;<\/p>\n<p>&nbsp;<\/p>\n<p>&nbsp;<\/p>\n<p>&nbsp;<\/p>\n<p>&nbsp;<\/p>\n<p>&nbsp;<\/p>\n<p>&nbsp;<\/p>\n<p>&nbsp;<\/p>\n<p>&nbsp;<\/p>\n<p>&nbsp;<\/p>\n<p>6\u00e8 &#8211; <strong>Txema Mart\u00ednez<\/strong><\/p>\n<blockquote><p><em>&#8220;Parleu per\u00f2 no sento el que dieu\u00a0<\/em><br \/>\n<em> mentre veniu, movent els llavis tous\u00a0<\/em><br \/>\n<em> com si mir\u00e9ssiu de besar un nad\u00f3 .&#8221;<\/em><\/p><\/blockquote>\n<p><img loading=\"lazy\" decoding=\"async\" class=\"alignleft  wp-image-3545\" src=\"https:\/\/escolaestevebarrachina.cat\/wp-content\/uploads\/2016\/06\/txema1.jpg\" alt=\"txema1\" width=\"565\" height=\"372\" \/><\/p>\n<p>&nbsp;<\/p>\n<p>&nbsp;<\/p>\n<p>&nbsp;<\/p>\n<p>&nbsp;<\/p>\n<p>&nbsp;<\/p>\n<p>&nbsp;<\/p>\n<p>&nbsp;<\/p>\n<p>&nbsp;<\/p>\n<p>&nbsp;<\/p>\n<p>&nbsp;<\/p>\n<p>&nbsp;<\/p>\n<p>&nbsp;<\/p>\n","protected":false},"excerpt":{"rendered":"<p>Els nens i nens des de 1r fins a 6\u00e8 han estat treballant petits fragments de les poesies de cadascun dels poetes invitats a la Festa de la Poesia d&#8217;enguany.<br \/>\n1r- Rosalina Ballester-<br \/>\n&#8220;La por i el riure, els dos extrems de casa nostra.&#8221;<br \/>\n&nbsp;<br \/>\n&nbsp;<br \/>\n&nbsp;<br \/>\n&nbsp;<br \/>\n&nbsp;<br \/>\n&nbsp;<br \/>\n&nbsp;<br \/>\n&nbsp;<br \/>\n&nbsp;<br \/>\n&nbsp;<br \/>\n&nbsp;<br \/>\n2n Jordi Guardans<br \/>\n&#8220;C\u00e0lid&hellip;  <a href=\"https:\/\/agora.xtec.cat\/escolaestevebarrachina\/activitats-del-centre\/festa-de-la-poesia\/\" title=\"Read Festa de la Poesia\">Llegeix m\u00e9s\u00bb<\/a><\/p>\n","protected":false},"author":1,"featured_media":3546,"comment_status":"open","ping_status":"open","sticky":false,"template":"","format":"standard","meta":{"_bbp_topic_count":0,"_bbp_reply_count":0,"_bbp_total_topic_count":0,"_bbp_total_reply_count":0,"_bbp_voice_count":0,"_bbp_anonymous_reply_count":0,"_bbp_topic_count_hidden":0,"_bbp_reply_count_hidden":0,"_bbp_forum_subforum_count":0,"footnotes":""},"categories":[84,86],"tags":[],"class_list":["post-3536","post","type-post","status-publish","format-standard","has-post-thumbnail","hentry","category-activitats-del-centre","category-blog"],"post_mailing_queue_ids":[],"_links":{"self":[{"href":"https:\/\/agora.xtec.cat\/escolaestevebarrachina\/wp-json\/wp\/v2\/posts\/3536","targetHints":{"allow":["GET"]}}],"collection":[{"href":"https:\/\/agora.xtec.cat\/escolaestevebarrachina\/wp-json\/wp\/v2\/posts"}],"about":[{"href":"https:\/\/agora.xtec.cat\/escolaestevebarrachina\/wp-json\/wp\/v2\/types\/post"}],"author":[{"embeddable":true,"href":"https:\/\/agora.xtec.cat\/escolaestevebarrachina\/wp-json\/wp\/v2\/users\/1"}],"replies":[{"embeddable":true,"href":"https:\/\/agora.xtec.cat\/escolaestevebarrachina\/wp-json\/wp\/v2\/comments?post=3536"}],"version-history":[{"count":0,"href":"https:\/\/agora.xtec.cat\/escolaestevebarrachina\/wp-json\/wp\/v2\/posts\/3536\/revisions"}],"wp:featuredmedia":[{"embeddable":true,"href":"https:\/\/agora.xtec.cat\/escolaestevebarrachina\/wp-json\/"}],"wp:attachment":[{"href":"https:\/\/agora.xtec.cat\/escolaestevebarrachina\/wp-json\/wp\/v2\/media?parent=3536"}],"wp:term":[{"taxonomy":"category","embeddable":true,"href":"https:\/\/agora.xtec.cat\/escolaestevebarrachina\/wp-json\/wp\/v2\/categories?post=3536"},{"taxonomy":"post_tag","embeddable":true,"href":"https:\/\/agora.xtec.cat\/escolaestevebarrachina\/wp-json\/wp\/v2\/tags?post=3536"}],"curies":[{"name":"wp","href":"https:\/\/api.w.org\/{rel}","templated":true}]}}