{"id":3509,"date":"2016-05-09T14:16:38","date_gmt":"2016-05-09T12:16:38","guid":{"rendered":"https:\/\/escolaestevebarrachina.cat\/?p=3509"},"modified":"2016-05-09T14:16:38","modified_gmt":"2016-05-09T12:16:38","slug":"aquesta-quinzena-escoltem-the-river-bruce-springsteen","status":"publish","type":"post","link":"https:\/\/agora.xtec.cat\/escolaestevebarrachina\/blog\/aquesta-quinzena-escoltem-the-river-bruce-springsteen\/","title":{"rendered":"Aquesta quinzena escoltem&#8230; &#8220;The river&#8221; (Bruce Springsteen)"},"content":{"rendered":"<p>Coincidint amb el concert de Bruce Springsteen a Barcelona el proper 14 de maig, aquesta quinzena escoltarem un dels seus grans \u00e8xits: \u201cThe river\u201d<\/p>\n<p>Bruce Springsteen, tamb\u00e9 conegut amb el nom de <em>The Boss<\/em>, \u00e9s un cantant, compositor i guitarrista estatunidenc. La intensitat dels seus enregistraments i concerts amb la <em>E Street Band<\/em>, l\u2019han convertit en un dels artistes m\u00e9s carism\u00e0tics del m\u00f3n del rock. El primer \u00e8xit de p\u00fablic i cr\u00edtica li va arribar amb l\u2019\u00e0lbum \u201c<em>Born to run\u201d<\/em> (1975), encara que no va ser fins als\u00a0 anys vuitanta quan es va convertir en una estrella internacional. Concretament el 1980, sort\u00ed a la llum un dels seus \u00e0lbums m\u00e9s emblem\u00e0tics: \u201c<em>The river<\/em>\u201d.\u00a0Per a commemorar-ne la seva publicaci\u00f3,\u00a0Bruce Springsteen est\u00e0 duent arreu del m\u00f3n els seu \u201cThe River Tour 2016\u201d.<\/p>\n<p><iframe loading=\"lazy\" title=\"Bruce Springsteen - The River (The River Tour, Tempe 1980)\" width=\"500\" height=\"281\" src=\"https:\/\/www.youtube.com\/embed\/lc6F47Z6PI4?feature=oembed\" frameborder=\"0\" allow=\"accelerometer; autoplay; clipboard-write; encrypted-media; gyroscope; picture-in-picture; web-share\" referrerpolicy=\"strict-origin-when-cross-origin\" allowfullscreen><\/iframe><\/p>\n<p>&nbsp;<\/p>\n","protected":false},"excerpt":{"rendered":"<p>Coincidint amb el concert de Bruce Springsteen a Barcelona el proper 14 de maig, aquesta quinzena escoltarem un dels seus grans \u00e8xits: \u201cThe river\u201d<br \/>\nBruce Springsteen, tamb\u00e9 conegut amb el nom de The Boss, \u00e9s un cantant, compositor i guitarrista estatunidenc. La intensitat dels seus enregistraments&hellip;  <a href=\"https:\/\/agora.xtec.cat\/escolaestevebarrachina\/blog\/aquesta-quinzena-escoltem-the-river-bruce-springsteen\/\" title=\"Read Aquesta quinzena escoltem&#8230; &#8220;The river&#8221; (Bruce Springsteen)\">Llegeix m\u00e9s\u00bb<\/a><\/p>\n","protected":false},"author":1,"featured_media":3510,"comment_status":"open","ping_status":"open","sticky":false,"template":"","format":"standard","meta":{"_bbp_topic_count":0,"_bbp_reply_count":0,"_bbp_total_topic_count":0,"_bbp_total_reply_count":0,"_bbp_voice_count":0,"_bbp_anonymous_reply_count":0,"_bbp_topic_count_hidden":0,"_bbp_reply_count_hidden":0,"_bbp_forum_subforum_count":0,"footnotes":""},"categories":[86],"tags":[],"class_list":["post-3509","post","type-post","status-publish","format-standard","has-post-thumbnail","hentry","category-blog"],"post_mailing_queue_ids":[],"_links":{"self":[{"href":"https:\/\/agora.xtec.cat\/escolaestevebarrachina\/wp-json\/wp\/v2\/posts\/3509","targetHints":{"allow":["GET"]}}],"collection":[{"href":"https:\/\/agora.xtec.cat\/escolaestevebarrachina\/wp-json\/wp\/v2\/posts"}],"about":[{"href":"https:\/\/agora.xtec.cat\/escolaestevebarrachina\/wp-json\/wp\/v2\/types\/post"}],"author":[{"embeddable":true,"href":"https:\/\/agora.xtec.cat\/escolaestevebarrachina\/wp-json\/wp\/v2\/users\/1"}],"replies":[{"embeddable":true,"href":"https:\/\/agora.xtec.cat\/escolaestevebarrachina\/wp-json\/wp\/v2\/comments?post=3509"}],"version-history":[{"count":0,"href":"https:\/\/agora.xtec.cat\/escolaestevebarrachina\/wp-json\/wp\/v2\/posts\/3509\/revisions"}],"wp:featuredmedia":[{"embeddable":true,"href":"https:\/\/agora.xtec.cat\/escolaestevebarrachina\/wp-json\/"}],"wp:attachment":[{"href":"https:\/\/agora.xtec.cat\/escolaestevebarrachina\/wp-json\/wp\/v2\/media?parent=3509"}],"wp:term":[{"taxonomy":"category","embeddable":true,"href":"https:\/\/agora.xtec.cat\/escolaestevebarrachina\/wp-json\/wp\/v2\/categories?post=3509"},{"taxonomy":"post_tag","embeddable":true,"href":"https:\/\/agora.xtec.cat\/escolaestevebarrachina\/wp-json\/wp\/v2\/tags?post=3509"}],"curies":[{"name":"wp","href":"https:\/\/api.w.org\/{rel}","templated":true}]}}