{"id":3456,"date":"2016-04-08T19:50:23","date_gmt":"2016-04-08T17:50:23","guid":{"rendered":"https:\/\/escolaestevebarrachina.cat\/?p=3456"},"modified":"2016-04-08T19:50:23","modified_gmt":"2016-04-08T17:50:23","slug":"handbolicat-2016","status":"publish","type":"post","link":"https:\/\/agora.xtec.cat\/escolaestevebarrachina\/blog\/handbolicat-2016\/","title":{"rendered":"HANDBOLICAT 2016"},"content":{"rendered":"<p>L\u2019handbol ha estat el protagonista d\u2019aquest darrer cap de setmana i \u00e9s que, a banda dels partits de competici\u00f3 que els nostres equips van disputar dissabte, els benjamins i alevins\/es de l\u2019escola van participar tamb\u00e9 en la VI Trobada Handbolicat que diumenge al mat\u00ed es va celebrar a Sant Pere de Ribes, la m\u00e9s important de la comarca, organitzada per la SEA de l\u2019escola Costerets. 45 equips procedents d\u2019escoles de tot Catalunya van fer v\u00e0ries rodes de partits que els va permetre gaudir a fons de l\u2019handbol i, el m\u00e9s important, viure l\u2019experi\u00e8ncia de compartir aquest esport amb altres nens i nenes.<\/p>\n<p>La majoria de participants de l\u2019handbol Barrachina, de la m\u00e0 de la Luc\u00eda i del Gorgo, aix\u00ed ho van fer: els nostres benjamins van tenir per fi l\u2019oportunitat de jugar uns quants partits i s\u2019ho van passar genial . L\u2019alev\u00ed femen\u00ed, que va haver de jugar contra equips molt potents, va fer un molt bon paper i va mostrar una molt bona actitud de joc. Per \u00faltim, els alevins de l\u2019escola, que van guanyar gaireb\u00e9 tots els partits, van classificar-se per la final i van aconseguir un important segon lloc en la seva categoria.<\/p>\n<p>Per suposat, medalles per a tothom i alegria manifesta en un ambient festiu i de m\u00e0xima esportivitat. I per acabar-ho d\u2019arrodonir, la venda del past\u00eds solidari a c\u00e0rrec dels organitzadors i a benefici de l\u2019Hospital Sant Joan de D\u00e9u que va endolcir encara m\u00e9s la jornada.<\/p>\n<p><img loading=\"lazy\" decoding=\"async\" class=\"alignleft size-large wp-image-3459\" src=\"https:\/\/escolaestevebarrachina.cat\/wp-content\/uploads\/2016\/04\/IMG-20160404-WA0000-1024x576.jpg\" alt=\"IMG-20160404-WA0000\" width=\"980\" height=\"551\" \/> <img loading=\"lazy\" decoding=\"async\" class=\"alignleft size-large wp-image-3457\" src=\"https:\/\/escolaestevebarrachina.cat\/wp-content\/uploads\/2016\/04\/IMG-20160404-WA0005-1024x576.jpg\" alt=\"IMG-20160404-WA0005\" width=\"980\" height=\"551\" \/><\/p>\n","protected":false},"excerpt":{"rendered":"<p>L\u2019handbol ha estat el protagonista d\u2019aquest darrer cap de setmana i \u00e9s que, a banda dels partits de competici\u00f3 que els nostres equips van disputar dissabte, els benjamins i alevins\/es de l\u2019escola van participar tamb\u00e9 en la VI Trobada Handbolicat que diumenge al mat\u00ed es&hellip;  <a href=\"https:\/\/agora.xtec.cat\/escolaestevebarrachina\/blog\/handbolicat-2016\/\" title=\"Read HANDBOLICAT 2016\">Llegeix m\u00e9s\u00bb<\/a><\/p>\n","protected":false},"author":1,"featured_media":3458,"comment_status":"open","ping_status":"open","sticky":false,"template":"","format":"standard","meta":{"_bbp_topic_count":0,"_bbp_reply_count":0,"_bbp_total_topic_count":0,"_bbp_total_reply_count":0,"_bbp_voice_count":0,"_bbp_anonymous_reply_count":0,"_bbp_topic_count_hidden":0,"_bbp_reply_count_hidden":0,"_bbp_forum_subforum_count":0,"footnotes":""},"categories":[86,87],"tags":[],"class_list":["post-3456","post","type-post","status-publish","format-standard","has-post-thumbnail","hentry","category-blog","category-handbol"],"post_mailing_queue_ids":[],"_links":{"self":[{"href":"https:\/\/agora.xtec.cat\/escolaestevebarrachina\/wp-json\/wp\/v2\/posts\/3456","targetHints":{"allow":["GET"]}}],"collection":[{"href":"https:\/\/agora.xtec.cat\/escolaestevebarrachina\/wp-json\/wp\/v2\/posts"}],"about":[{"href":"https:\/\/agora.xtec.cat\/escolaestevebarrachina\/wp-json\/wp\/v2\/types\/post"}],"author":[{"embeddable":true,"href":"https:\/\/agora.xtec.cat\/escolaestevebarrachina\/wp-json\/wp\/v2\/users\/1"}],"replies":[{"embeddable":true,"href":"https:\/\/agora.xtec.cat\/escolaestevebarrachina\/wp-json\/wp\/v2\/comments?post=3456"}],"version-history":[{"count":0,"href":"https:\/\/agora.xtec.cat\/escolaestevebarrachina\/wp-json\/wp\/v2\/posts\/3456\/revisions"}],"wp:featuredmedia":[{"embeddable":true,"href":"https:\/\/agora.xtec.cat\/escolaestevebarrachina\/wp-json\/"}],"wp:attachment":[{"href":"https:\/\/agora.xtec.cat\/escolaestevebarrachina\/wp-json\/wp\/v2\/media?parent=3456"}],"wp:term":[{"taxonomy":"category","embeddable":true,"href":"https:\/\/agora.xtec.cat\/escolaestevebarrachina\/wp-json\/wp\/v2\/categories?post=3456"},{"taxonomy":"post_tag","embeddable":true,"href":"https:\/\/agora.xtec.cat\/escolaestevebarrachina\/wp-json\/wp\/v2\/tags?post=3456"}],"curies":[{"name":"wp","href":"https:\/\/api.w.org\/{rel}","templated":true}]}}