{"id":3450,"date":"2016-04-01T13:15:42","date_gmt":"2016-04-01T11:15:42","guid":{"rendered":"https:\/\/escolaestevebarrachina.cat\/?p=3450"},"modified":"2016-04-01T13:15:42","modified_gmt":"2016-04-01T11:15:42","slug":"aquesta-quinzena-escoltem-i-cant-stand-it-eric-clapton","status":"publish","type":"post","link":"https:\/\/agora.xtec.cat\/escolaestevebarrachina\/blog\/aquesta-quinzena-escoltem-i-cant-stand-it-eric-clapton\/","title":{"rendered":"Aquesta quinzena escoltem&#8230; &#8220;I can&#8217;t stand it&#8221; (Eric Clapton)"},"content":{"rendered":"<p>Despr\u00e9s d\u2019escoltar m\u00fasica dels anys 60 i 70, al 1r i 2n trimestre respectivament, hem comen\u00e7at el 3r trimestre amb m\u00fasica dels anys 80 i ho fem amb una can\u00e7\u00f3 del 1981 d\u2019Eric Clapton: \u201c<em>I can\u2019t stand it<\/em>\u201d<\/p>\n<p>&nbsp;<\/p>\n<p>Eric Clapton \u00e9s un guitarrista, cantant i compositor, conegut per la seva mestria amb la guitarra el\u00e8ctrica. El seu estil musical ha experimentat diversos canvis durant la seva carrera, per\u00f2 les seves arrels sempre han estat profundament lligades al <em>blues<\/em>.\u00a0 Clapton, tamb\u00e9 conegut amb el renom de &#8220;<em>Slowhand<\/em>&#8221; (M\u00e0 lenta) va ser\u00a0 membre dels\u00a0 grups <em>The Yardbirds<\/em> i <em>Cream<\/em> per a despr\u00e9s seguir la seva carrera en solitari. A la vista de molts cr\u00edtics, Clapton ha estat un dels artistes m\u00e9s respectats i influents de la hist\u00f2ria recent de la m\u00fasica\u00a0i, a m\u00e9s a m\u00e9s, apareix en la\u00a0llista dels &#8220;100 millors guitarristes de tots els temps\u201d.<\/p>\n<p><iframe loading=\"lazy\" title=\"Eric Clapton - I Can&#039;t Stand It\" width=\"500\" height=\"375\" src=\"https:\/\/www.youtube.com\/embed\/Wa8s6RJwAxU?feature=oembed\" frameborder=\"0\" allow=\"accelerometer; autoplay; clipboard-write; encrypted-media; gyroscope; picture-in-picture; web-share\" referrerpolicy=\"strict-origin-when-cross-origin\" allowfullscreen><\/iframe><\/p>\n<p>&nbsp;<\/p>\n","protected":false},"excerpt":{"rendered":"<p>Despr\u00e9s d\u2019escoltar m\u00fasica dels anys 60 i 70, al 1r i 2n trimestre respectivament, hem comen\u00e7at el 3r trimestre amb m\u00fasica dels anys 80 i ho fem amb una can\u00e7\u00f3 del 1981 d\u2019Eric Clapton: \u201cI can\u2019t stand it\u201d<br \/>\n&nbsp;<br \/>\nEric Clapton \u00e9s un guitarrista, cantant i compositor,&hellip;  <a href=\"https:\/\/agora.xtec.cat\/escolaestevebarrachina\/blog\/aquesta-quinzena-escoltem-i-cant-stand-it-eric-clapton\/\" title=\"Read Aquesta quinzena escoltem&#8230; &#8220;I can&#8217;t stand it&#8221; (Eric Clapton)\">Llegeix m\u00e9s\u00bb<\/a><\/p>\n","protected":false},"author":1,"featured_media":3451,"comment_status":"open","ping_status":"open","sticky":false,"template":"","format":"standard","meta":{"_bbp_topic_count":0,"_bbp_reply_count":0,"_bbp_total_topic_count":0,"_bbp_total_reply_count":0,"_bbp_voice_count":0,"_bbp_anonymous_reply_count":0,"_bbp_topic_count_hidden":0,"_bbp_reply_count_hidden":0,"_bbp_forum_subforum_count":0,"footnotes":""},"categories":[86],"tags":[],"class_list":["post-3450","post","type-post","status-publish","format-standard","has-post-thumbnail","hentry","category-blog"],"post_mailing_queue_ids":[],"_links":{"self":[{"href":"https:\/\/agora.xtec.cat\/escolaestevebarrachina\/wp-json\/wp\/v2\/posts\/3450","targetHints":{"allow":["GET"]}}],"collection":[{"href":"https:\/\/agora.xtec.cat\/escolaestevebarrachina\/wp-json\/wp\/v2\/posts"}],"about":[{"href":"https:\/\/agora.xtec.cat\/escolaestevebarrachina\/wp-json\/wp\/v2\/types\/post"}],"author":[{"embeddable":true,"href":"https:\/\/agora.xtec.cat\/escolaestevebarrachina\/wp-json\/wp\/v2\/users\/1"}],"replies":[{"embeddable":true,"href":"https:\/\/agora.xtec.cat\/escolaestevebarrachina\/wp-json\/wp\/v2\/comments?post=3450"}],"version-history":[{"count":0,"href":"https:\/\/agora.xtec.cat\/escolaestevebarrachina\/wp-json\/wp\/v2\/posts\/3450\/revisions"}],"wp:featuredmedia":[{"embeddable":true,"href":"https:\/\/agora.xtec.cat\/escolaestevebarrachina\/wp-json\/"}],"wp:attachment":[{"href":"https:\/\/agora.xtec.cat\/escolaestevebarrachina\/wp-json\/wp\/v2\/media?parent=3450"}],"wp:term":[{"taxonomy":"category","embeddable":true,"href":"https:\/\/agora.xtec.cat\/escolaestevebarrachina\/wp-json\/wp\/v2\/categories?post=3450"},{"taxonomy":"post_tag","embeddable":true,"href":"https:\/\/agora.xtec.cat\/escolaestevebarrachina\/wp-json\/wp\/v2\/tags?post=3450"}],"curies":[{"name":"wp","href":"https:\/\/api.w.org\/{rel}","templated":true}]}}